{"id":234583,"date":"2022-05-20T18:25:04","date_gmt":"2022-05-20T15:25:04","guid":{"rendered":"http:\/\/107.6.182.27\/es\/?p=234583"},"modified":"2023-01-10T16:18:30","modified_gmt":"2023-01-10T14:18:30","slug":"putin-las-agresiones-ciberneticas-contra-rusia-no-estan-teniendo-exito","status":"publish","type":"post","link":"https:\/\/archive.sana.sy\/es\/?p=234583","title":{"rendered":"Putin: Las agresiones cibern\u00e9ticas contra Rusia no est\u00e1n teniendo \u00e9xito"},"content":{"rendered":"<p style=\"text-align: justify;\"><span style=\"color: #800000;\"><strong>Mosc\u00fa, 20 may (SANA)\u00a0<\/strong><\/span> El presidente ruso Vlad\u00edmir Putin, declar\u00f3 hoy que se inici\u00f3 una guerra contra Rusia en el espacio cibern\u00e9tico.<\/p>\n<p style=\"text-align: justify;\">&#8220;El n\u00famero de ciberataques contra la infraestructura rusa de la informaci\u00f3n ha crecido durante todos los \u00faltimos a\u00f1os, pero con el inicio del operativo especial militar en Donb\u00e1s, en Ucrania, los desaf\u00edos en este \u00e1mbito se hicieron m\u00e1s agudos y serios, m\u00e1s amplios\u201d, dijo el mandatario durante una reuni\u00f3n del Consejo de Seguridad del pa\u00eds.<\/p>\n<p style=\"text-align: justify;\">Precis\u00f3 que \u201cde hecho, se ha desatado una agresi\u00f3n verdadera contra Rusia, una guerra en la esfera de la informaci\u00f3n&#8221;.<\/p>\n<p style=\"text-align: justify;\">Sin embargo, estas agresiones no est\u00e1n teniendo \u00e9xito, destac\u00f3 Putin, y agreg\u00f3 que el pa\u00eds estaba listo para este tipo de ataques y su fracaso &#8220;es resultado de ese trabajo sistem\u00e1tico&#8221; realizado en los \u00faltimos a\u00f1os.<\/p>\n<p style=\"text-align: justify;\">fm\/sm<\/p>\n","protected":false},"excerpt":{"rendered":"<p>Mosc\u00fa, 20 may (SANA)\u00a0 El presidente ruso Vlad\u00edmir Putin, declar\u00f3 hoy que se inici\u00f3 una guerra contra Rusia en el espacio cibern\u00e9tico. &#8220;El n\u00famero de ciberataques contra la infraestructura rusa de la informaci\u00f3n ha crecido durante todos los \u00faltimos a\u00f1os, pero con el inicio del operativo especial militar en Donb\u00e1s, en Ucrania, los desaf\u00edos en &hellip;<\/p>\n","protected":false},"author":39,"featured_media":234584,"comment_status":"closed","ping_status":"closed","sticky":false,"template":"","format":"standard","meta":{"footnotes":""},"categories":[447,597,456],"tags":[],"class_list":["post-234583","post","type-post","status-publish","format-standard","has-post-thumbnail","","category-local-politica","category-cinta-de-noticias","category-arabe-internacional-politica"],"_links":{"self":[{"href":"https:\/\/archive.sana.sy\/es\/index.php?rest_route=\/wp\/v2\/posts\/234583"}],"collection":[{"href":"https:\/\/archive.sana.sy\/es\/index.php?rest_route=\/wp\/v2\/posts"}],"about":[{"href":"https:\/\/archive.sana.sy\/es\/index.php?rest_route=\/wp\/v2\/types\/post"}],"author":[{"embeddable":true,"href":"https:\/\/archive.sana.sy\/es\/index.php?rest_route=\/wp\/v2\/users\/39"}],"replies":[{"embeddable":true,"href":"https:\/\/archive.sana.sy\/es\/index.php?rest_route=%2Fwp%2Fv2%2Fcomments&post=234583"}],"version-history":[{"count":0,"href":"https:\/\/archive.sana.sy\/es\/index.php?rest_route=\/wp\/v2\/posts\/234583\/revisions"}],"wp:featuredmedia":[{"embeddable":true,"href":"https:\/\/archive.sana.sy\/es\/index.php?rest_route=\/wp\/v2\/media\/234584"}],"wp:attachment":[{"href":"https:\/\/archive.sana.sy\/es\/index.php?rest_route=%2Fwp%2Fv2%2Fmedia&parent=234583"}],"wp:term":[{"taxonomy":"category","embeddable":true,"href":"https:\/\/archive.sana.sy\/es\/index.php?rest_route=%2Fwp%2Fv2%2Fcategories&post=234583"},{"taxonomy":"post_tag","embeddable":true,"href":"https:\/\/archive.sana.sy\/es\/index.php?rest_route=%2Fwp%2Fv2%2Ftags&post=234583"}],"curies":[{"name":"wp","href":"https:\/\/api.w.org\/{rel}","templated":true}]}}