{"id":234589,"date":"2022-05-20T14:11:31","date_gmt":"2022-05-20T11:11:31","guid":{"rendered":"http:\/\/107.6.182.27\/es\/?p=234589"},"modified":"2022-05-20T21:31:56","modified_gmt":"2022-05-20T18:31:56","slug":"los-esfuerzos-de-siria-para-lograr-estabilidad-chocan-con-las-practicas-hostiles-y-las-violaciones-de-los-paises-occidentales","status":"publish","type":"post","link":"https:\/\/archive.sana.sy\/es\/?p=234589","title":{"rendered":"Los esfuerzos de Siria para lograr estabilidad chocan con las pr\u00e1cticas hostiles y las violaciones de los pa\u00edses occidentales"},"content":{"rendered":"<p style=\"text-align: justify;\"><span style=\"color: #800000;\"><strong>Nueva York, 20 may (SANA)<\/strong><\/span>\u00a0 \u00a0El representante permanente de Siria ante las Naciones Unidas, el embajador Bassam Sabbagh, inst\u00f3 a algunos pa\u00edses a abandonar sus pol\u00edticas equivocadas y adoptar un enfoque constructivo a trav\u00e9s del trabajo responsable con el gobierno sirio, lejos de cualquier consideraci\u00f3n que no favorece los intereses de los sirios.<\/p>\n<p style=\"text-align: justify;\">Durante una sesi\u00f3n el Consejo de Seguridad, el delegado sirio denunci\u00f3 que los esfuerzos hechos por Siria para lograr la estabilidad chocan con la persistencia de algunos pa\u00edses occidentales y sus aliados en sus pr\u00e1cticas hostiles y continuas violaciones de los principios del derecho internacional y la Carta de las Naciones Unidas.<\/p>\n<p style=\"text-align: justify;\">El decreto de amnist\u00eda general que abarca los autores de los delitos terroristas es parte de las medidas tomadas para proporcionar condiciones apropiadas para el regreso de las personas desplazadas y recuperar la seguridad y la estabilidad, explic\u00f3.<\/p>\n<p style=\"text-align: justify;\">Asimismo, asegur\u00f3 que la celebraci\u00f3n de la Conferencia de Bruselas sin invitar a Siria y excluir a Rusia significa que se ha convertido en una cita de pa\u00edses occidentales conocidos por su politizaci\u00f3n de las cuestiones humanitarias.<\/p>\n<p style=\"text-align: justify;\">\u201cEstas conferencias no son m\u00e1s que una cortina de humo lanzada por sus organizadores para encubrir sus pr\u00e1cticas contra Siria en un momento en que imponen un castigo colectivo y un asfixiante asedio al pueblo sirio, priv\u00e1ndolo de sus necesidades b\u00e1sicas\u201d, aclar\u00f3 el delegado sirio.<\/p>\n<p style=\"text-align: justify;\">Sabbagh indic\u00f3 que la reciente decisi\u00f3n de la administraci\u00f3n estadounidense de autorizar las actividades econ\u00f3micas en \u00e1reas espec\u00edficas del noreste y noroeste de Siria controladas por milicias separatistas y organizaciones terroristas representa un apoyo directo a entidades ilegales y una flagrante violaci\u00f3n de la soberan\u00eda, independencia y unidad del territorio y el pueblo de Siria.<\/p>\n<p style=\"text-align: justify;\">\u201cEllo constituye una grave violaci\u00f3n de las resoluciones pertinentes del Consejo de Seguridad y un esfuerzo por imponer una situaci\u00f3n ilegal y un enfoque discriminatorio contra los ciudadanos sirios basado en el apoyo de quienes son leales a Washington y est\u00e1n sujetos a su influencia a cambio de castigar a los residentes de las \u00e1reas bajo control del estado sirio\u201d, explic\u00f3.<\/p>\n<p style=\"text-align: justify;\">fm\/rr<\/p>\n","protected":false},"excerpt":{"rendered":"<p>Nueva York, 20 may (SANA)\u00a0 \u00a0El representante permanente de Siria ante las Naciones Unidas, el embajador Bassam Sabbagh, inst\u00f3 a algunos pa\u00edses a abandonar sus pol\u00edticas equivocadas y adoptar un enfoque constructivo a trav\u00e9s del trabajo responsable con el gobierno sirio, lejos de cualquier consideraci\u00f3n que no favorece los intereses de los sirios. Durante una &hellip;<\/p>\n","protected":false},"author":31,"featured_media":234590,"comment_status":"closed","ping_status":"closed","sticky":false,"template":"","format":"standard","meta":{"footnotes":""},"categories":[597,467,583],"tags":[],"class_list":["post-234589","post","type-post","status-publish","format-standard","has-post-thumbnail","","category-cinta-de-noticias","category-siria-y-el-mundo","category-slide"],"_links":{"self":[{"href":"https:\/\/archive.sana.sy\/es\/index.php?rest_route=\/wp\/v2\/posts\/234589"}],"collection":[{"href":"https:\/\/archive.sana.sy\/es\/index.php?rest_route=\/wp\/v2\/posts"}],"about":[{"href":"https:\/\/archive.sana.sy\/es\/index.php?rest_route=\/wp\/v2\/types\/post"}],"author":[{"embeddable":true,"href":"https:\/\/archive.sana.sy\/es\/index.php?rest_route=\/wp\/v2\/users\/31"}],"replies":[{"embeddable":true,"href":"https:\/\/archive.sana.sy\/es\/index.php?rest_route=%2Fwp%2Fv2%2Fcomments&post=234589"}],"version-history":[{"count":0,"href":"https:\/\/archive.sana.sy\/es\/index.php?rest_route=\/wp\/v2\/posts\/234589\/revisions"}],"wp:featuredmedia":[{"embeddable":true,"href":"https:\/\/archive.sana.sy\/es\/index.php?rest_route=\/wp\/v2\/media\/234590"}],"wp:attachment":[{"href":"https:\/\/archive.sana.sy\/es\/index.php?rest_route=%2Fwp%2Fv2%2Fmedia&parent=234589"}],"wp:term":[{"taxonomy":"category","embeddable":true,"href":"https:\/\/archive.sana.sy\/es\/index.php?rest_route=%2Fwp%2Fv2%2Fcategories&post=234589"},{"taxonomy":"post_tag","embeddable":true,"href":"https:\/\/archive.sana.sy\/es\/index.php?rest_route=%2Fwp%2Fv2%2Ftags&post=234589"}],"curies":[{"name":"wp","href":"https:\/\/api.w.org\/{rel}","templated":true}]}}