{"id":234648,"date":"2022-05-21T00:41:58","date_gmt":"2022-05-20T21:41:58","guid":{"rendered":"http:\/\/107.6.182.27\/es\/?p=234648"},"modified":"2022-05-21T00:47:15","modified_gmt":"2022-05-20T21:47:15","slug":"tres-martires-por-una-agresion-israeli-con-misiles-contra-el-sur-de-damasco","status":"publish","type":"post","link":"https:\/\/archive.sana.sy\/es\/?p=234648","title":{"rendered":"Tres m\u00e1rtires por una agresi\u00f3n israel\u00ed con misiles contra el sur de Damasco"},"content":{"rendered":"<blockquote>\n<p style=\"text-align: justify;\"><strong>Fuente militar declar\u00f3 que alrededor de las 23:01 de este viernes, 20 de mayo del 2022, el enemigo israel\u00ed perpetr\u00f3 una agresi\u00f3n con r\u00e1fagas de misiles lanzados desde el Gol\u00e1n sirio ocupado, contra algunos puntos en el sur de la capital Damasco.<\/strong><\/p>\n<\/blockquote>\n<p style=\"text-align: justify;\"><span style=\"color: #800000;\"><strong>Damasco, 21 may (SANA)<\/strong><\/span> Las defensas antia\u00e9reas del Ej\u00e9rcito \u00c1rabe Sirio repelieron hoy una agresi\u00f3n israel\u00ed con misiles contra algunos puntos al sur de la capital Damasco.<\/p>\n<p style=\"text-align: justify;\">Fuente militar declar\u00f3 que alrededor de las 23:01 de este viernes, 20 de mayo del 2022, el enemigo israel\u00ed perpetr\u00f3 una agresi\u00f3n con r\u00e1fagas de misiles lanzados desde el Gol\u00e1n sirio ocupado, contra algunos puntos en el sur de la capital Damasco.<\/p>\n<p style=\"text-align: justify;\">\u201cNuestras defensas a\u00e9reas actuaron y derribaron la mayor\u00eda de los misiles\u201d, precis\u00f3 la fuente.<\/p>\n<p style=\"text-align: justify;\">Revel\u00f3 que esta agresi\u00f3n caus\u00f3 la muerte de tres personas y ocasion\u00f3 p\u00e9rdidas materiales.<\/p>\n<p style=\"text-align: justify;\">fm\/rr<\/p>\n","protected":false},"excerpt":{"rendered":"<p>Fuente militar declar\u00f3 que alrededor de las 23:01 de este viernes, 20 de mayo del 2022, el enemigo israel\u00ed perpetr\u00f3 una agresi\u00f3n con r\u00e1fagas de misiles lanzados desde el Gol\u00e1n sirio ocupado, contra algunos puntos en el sur de la capital Damasco. Damasco, 21 may (SANA) Las defensas antia\u00e9reas del Ej\u00e9rcito \u00c1rabe Sirio repelieron hoy &hellip;<\/p>\n","protected":false},"author":31,"featured_media":234649,"comment_status":"closed","ping_status":"closed","sticky":false,"template":"","format":"standard","meta":{"footnotes":""},"categories":[597,476,583],"tags":[],"class_list":["post-234648","post","type-post","status-publish","format-standard","has-post-thumbnail","","category-cinta-de-noticias","category-locales","category-slide"],"_links":{"self":[{"href":"https:\/\/archive.sana.sy\/es\/index.php?rest_route=\/wp\/v2\/posts\/234648"}],"collection":[{"href":"https:\/\/archive.sana.sy\/es\/index.php?rest_route=\/wp\/v2\/posts"}],"about":[{"href":"https:\/\/archive.sana.sy\/es\/index.php?rest_route=\/wp\/v2\/types\/post"}],"author":[{"embeddable":true,"href":"https:\/\/archive.sana.sy\/es\/index.php?rest_route=\/wp\/v2\/users\/31"}],"replies":[{"embeddable":true,"href":"https:\/\/archive.sana.sy\/es\/index.php?rest_route=%2Fwp%2Fv2%2Fcomments&post=234648"}],"version-history":[{"count":0,"href":"https:\/\/archive.sana.sy\/es\/index.php?rest_route=\/wp\/v2\/posts\/234648\/revisions"}],"wp:featuredmedia":[{"embeddable":true,"href":"https:\/\/archive.sana.sy\/es\/index.php?rest_route=\/wp\/v2\/media\/234649"}],"wp:attachment":[{"href":"https:\/\/archive.sana.sy\/es\/index.php?rest_route=%2Fwp%2Fv2%2Fmedia&parent=234648"}],"wp:term":[{"taxonomy":"category","embeddable":true,"href":"https:\/\/archive.sana.sy\/es\/index.php?rest_route=%2Fwp%2Fv2%2Fcategories&post=234648"},{"taxonomy":"post_tag","embeddable":true,"href":"https:\/\/archive.sana.sy\/es\/index.php?rest_route=%2Fwp%2Fv2%2Ftags&post=234648"}],"curies":[{"name":"wp","href":"https:\/\/api.w.org\/{rel}","templated":true}]}}