{"id":23466,"date":"2015-05-18T16:17:56","date_gmt":"2015-05-18T13:17:56","guid":{"rendered":"http:\/\/sana.sy\/es\/?p=23466"},"modified":"2015-05-18T16:18:52","modified_gmt":"2015-05-18T13:18:52","slug":"una-sesion-de-consultas-entre-siria-e-iran","status":"publish","type":"post","link":"https:\/\/archive.sana.sy\/es\/?p=23466","title":{"rendered":"Una sesi\u00f3n de consultas entre Siria e Ir\u00e1n"},"content":{"rendered":"<p><span style=\"color: #ff0000\">Damasco, SANA<\/span><\/p>\n<p>El primer ministro el Dr. Wael Al Halaqui y el presidente de la Comisi\u00f3n de Desarrollo de las Relaciones Irano-sirias, Rustom Kasemi, examinaron las maneras de activar los acuerdos firmados entre los dos pa\u00edses y firmar otros nuevos para fortalecer la base de la cooperaci\u00f3n econ\u00f3mica y comercial y industrial y t\u00e9cnica.<\/p>\n<p>As\u00ed como las dos partes examinaron las maneras de colaboraci\u00f3n para llenar la necesidad del mercado sirio.<\/p>\n<p>Al Halaqui afirm\u00f3 que Siria e Ir\u00e1n forman un espacio \u00fanico econ\u00f3mico que debe ser desarrollado para realizar una integraci\u00f3n econ\u00f3mica entre los dos pa\u00edses.<\/p>\n<p>Por su parte Kasimi renov\u00f3 el apoyo del pueblo iran\u00ed y del gobierno a Siria para fortalecer los requisitos de la firmeza en todos los campos.<\/p>\n<p><span style=\"color: #00ccff\">Hala B., Ryad Sh.<\/span><\/p>\n","protected":false},"excerpt":{"rendered":"<p>Damasco, SANA El primer ministro el Dr. Wael Al Halaqui y el presidente de la Comisi\u00f3n de Desarrollo de las Relaciones Irano-sirias, Rustom Kasemi, examinaron las maneras de activar los acuerdos firmados entre los dos pa\u00edses y firmar otros nuevos para fortalecer la base de la cooperaci\u00f3n econ\u00f3mica y comercial y industrial y t\u00e9cnica. As\u00ed &hellip;<\/p>\n","protected":false},"author":1,"featured_media":23468,"comment_status":"closed","ping_status":"closed","sticky":false,"template":"","format":"standard","meta":{"footnotes":""},"categories":[597,476],"tags":[5303],"class_list":["post-23466","post","type-post","status-publish","format-standard","has-post-thumbnail","","category-cinta-de-noticias","category-locales","tag-una-sesion-de-consultas-entre-siria-e-iran"],"_links":{"self":[{"href":"https:\/\/archive.sana.sy\/es\/index.php?rest_route=\/wp\/v2\/posts\/23466"}],"collection":[{"href":"https:\/\/archive.sana.sy\/es\/index.php?rest_route=\/wp\/v2\/posts"}],"about":[{"href":"https:\/\/archive.sana.sy\/es\/index.php?rest_route=\/wp\/v2\/types\/post"}],"author":[{"embeddable":true,"href":"https:\/\/archive.sana.sy\/es\/index.php?rest_route=\/wp\/v2\/users\/1"}],"replies":[{"embeddable":true,"href":"https:\/\/archive.sana.sy\/es\/index.php?rest_route=%2Fwp%2Fv2%2Fcomments&post=23466"}],"version-history":[{"count":0,"href":"https:\/\/archive.sana.sy\/es\/index.php?rest_route=\/wp\/v2\/posts\/23466\/revisions"}],"wp:featuredmedia":[{"embeddable":true,"href":"https:\/\/archive.sana.sy\/es\/index.php?rest_route=\/wp\/v2\/media\/23468"}],"wp:attachment":[{"href":"https:\/\/archive.sana.sy\/es\/index.php?rest_route=%2Fwp%2Fv2%2Fmedia&parent=23466"}],"wp:term":[{"taxonomy":"category","embeddable":true,"href":"https:\/\/archive.sana.sy\/es\/index.php?rest_route=%2Fwp%2Fv2%2Fcategories&post=23466"},{"taxonomy":"post_tag","embeddable":true,"href":"https:\/\/archive.sana.sy\/es\/index.php?rest_route=%2Fwp%2Fv2%2Ftags&post=23466"}],"curies":[{"name":"wp","href":"https:\/\/api.w.org\/{rel}","templated":true}]}}