{"id":234660,"date":"2022-05-21T09:42:59","date_gmt":"2022-05-21T06:42:59","guid":{"rendered":"http:\/\/107.6.182.27\/es\/?p=234660"},"modified":"2023-01-10T16:18:30","modified_gmt":"2023-01-10T14:18:30","slug":"muere-un-joven-palestino-por-disparos-israelies-en-jenin","status":"publish","type":"post","link":"https:\/\/archive.sana.sy\/es\/?p=234660","title":{"rendered":"Muere un joven palestino por disparos israel\u00edes en la ciudad Jenin"},"content":{"rendered":"<p style=\"text-align: justify;\"><strong><span style=\"color: #800000;\">Jerusal\u00e9n ocupada, 21 may (SANA)\u00a0<\/span> <\/strong>Un joven palestino perdi\u00f3 su vida esta madrugada y otro result\u00f3 herido cuando las fuerzas de ocupaci\u00f3n israel\u00edes abrieron el fuego de sus armas en su contra, en la ciudad de Jenin, en Cisjordania.<\/p>\n<p style=\"text-align: justify;\">La agencia palestina de noticias Wafa, citando al Ministerio de Salud palestino, inform\u00f3 que el joven, Amjad Al-Fayed, de 17 a\u00f1os, muri\u00f3 mientras otro result\u00f3 gravemente herido durante el asalto del campamento de refugiados de Jenin por parte de las fuerzas de ocupaci\u00f3n israel\u00edes.<\/p>\n<p style=\"text-align: justify;\">sm<\/p>\n","protected":false},"excerpt":{"rendered":"<p>Jerusal\u00e9n ocupada, 21 may (SANA)\u00a0 Un joven palestino perdi\u00f3 su vida esta madrugada y otro result\u00f3 herido cuando las fuerzas de ocupaci\u00f3n israel\u00edes abrieron el fuego de sus armas en su contra, en la ciudad de Jenin, en Cisjordania. La agencia palestina de noticias Wafa, citando al Ministerio de Salud palestino, inform\u00f3 que el joven, &hellip;<\/p>\n","protected":false},"author":39,"featured_media":234661,"comment_status":"closed","ping_status":"closed","sticky":false,"template":"","format":"standard","meta":{"footnotes":""},"categories":[597,456,7541],"tags":[],"class_list":["post-234660","post","type-post","status-publish","format-standard","has-post-thumbnail","","category-cinta-de-noticias","category-arabe-internacional-politica","category-ultimas-noticias"],"_links":{"self":[{"href":"https:\/\/archive.sana.sy\/es\/index.php?rest_route=\/wp\/v2\/posts\/234660"}],"collection":[{"href":"https:\/\/archive.sana.sy\/es\/index.php?rest_route=\/wp\/v2\/posts"}],"about":[{"href":"https:\/\/archive.sana.sy\/es\/index.php?rest_route=\/wp\/v2\/types\/post"}],"author":[{"embeddable":true,"href":"https:\/\/archive.sana.sy\/es\/index.php?rest_route=\/wp\/v2\/users\/39"}],"replies":[{"embeddable":true,"href":"https:\/\/archive.sana.sy\/es\/index.php?rest_route=%2Fwp%2Fv2%2Fcomments&post=234660"}],"version-history":[{"count":0,"href":"https:\/\/archive.sana.sy\/es\/index.php?rest_route=\/wp\/v2\/posts\/234660\/revisions"}],"wp:featuredmedia":[{"embeddable":true,"href":"https:\/\/archive.sana.sy\/es\/index.php?rest_route=\/wp\/v2\/media\/234661"}],"wp:attachment":[{"href":"https:\/\/archive.sana.sy\/es\/index.php?rest_route=%2Fwp%2Fv2%2Fmedia&parent=234660"}],"wp:term":[{"taxonomy":"category","embeddable":true,"href":"https:\/\/archive.sana.sy\/es\/index.php?rest_route=%2Fwp%2Fv2%2Fcategories&post=234660"},{"taxonomy":"post_tag","embeddable":true,"href":"https:\/\/archive.sana.sy\/es\/index.php?rest_route=%2Fwp%2Fv2%2Ftags&post=234660"}],"curies":[{"name":"wp","href":"https:\/\/api.w.org\/{rel}","templated":true}]}}