{"id":234671,"date":"2022-05-21T11:11:23","date_gmt":"2022-05-21T08:11:23","guid":{"rendered":"http:\/\/107.6.182.27\/es\/?p=234671"},"modified":"2023-01-10T16:18:30","modified_gmt":"2023-01-10T14:18:30","slug":"oficial-ucraniano-capturado-revela-presencia-de-armados-extranjeros-que-combatieron-del-lado-del-regimen-de-kiev-en-la-fabrica-azovstal-en-mariupol","status":"publish","type":"post","link":"https:\/\/archive.sana.sy\/es\/?p=234671","title":{"rendered":"Oficial ucraniano capturado revela presencia de armados extranjeros que combatieron del lado del r\u00e9gimen de Kiev en la f\u00e1brica Azovstal"},"content":{"rendered":"<blockquote>\n<p style=\"text-align: justify;\">&#8220;S\u00ed, hay varios combatientes extranjeros&#8221;, dijo el oficial ucraniano en respuesta a una pregunta despu\u00e9s de su rendici\u00f3n sobre la presencia de extranjeros en la f\u00e1brica.<\/p>\n<\/blockquote>\n<p style=\"text-align: justify;\"><span style=\"color: #800000;\"><strong>Mosc\u00fa, 21 may (SANA)\u00a0<\/strong> <\/span>Medios de comunicaci\u00f3n rusos informaron que el comandante interino de la 36\u00aa Brigada de la Infanter\u00eda de Marina de Ucrania, Sergey Volynsky, quien se rindi\u00f3 a las fuerzas rusas en la f\u00e1brica Azovstal en Mari\u00fapol, confirm\u00f3 la presencia de militantes extranjeros entre los combatientes que quedaron atrapados en la mencionada f\u00e1brica.<\/p>\n<p style=\"text-align: justify;\">&#8220;S\u00ed, hay varios combatientes extranjeros&#8221;, dijo el oficial ucraniano en respuesta a una pregunta despu\u00e9s de su rendici\u00f3n sobre la presencia de extranjeros en la f\u00e1brica.<\/p>\n<p style=\"text-align: justify;\">Indic\u00f3 que no ten\u00eda informaci\u00f3n sobre la presencia de supervisores y especialistas de alto nivel quienes daban instrucciones a las fuerzas ucranianas.<\/p>\n<p style=\"text-align: justify;\">En la vispera, el Ministerio de Defensa ruso anunci\u00f3 la liberaci\u00f3n completa de la localidad de Azovstal en la ciudad de Mari\u00fapol y el control total de los s\u00f3tanos de la f\u00e1brica, donde los ultranacionalistas ucranianos estaban atrapados desde hace semanas.<\/p>\n<p style=\"text-align: justify;\">sm<\/p>\n","protected":false},"excerpt":{"rendered":"<p>&#8220;S\u00ed, hay varios combatientes extranjeros&#8221;, dijo el oficial ucraniano en respuesta a una pregunta despu\u00e9s de su rendici\u00f3n sobre la presencia de extranjeros en la f\u00e1brica. Mosc\u00fa, 21 may (SANA)\u00a0 Medios de comunicaci\u00f3n rusos informaron que el comandante interino de la 36\u00aa Brigada de la Infanter\u00eda de Marina de Ucrania, Sergey Volynsky, quien se rindi\u00f3 &hellip;<\/p>\n","protected":false},"author":39,"featured_media":234672,"comment_status":"closed","ping_status":"closed","sticky":false,"template":"","format":"standard","meta":{"footnotes":""},"categories":[597,456,457,7541],"tags":[],"class_list":["post-234671","post","type-post","status-publish","format-standard","has-post-thumbnail","","category-cinta-de-noticias","category-arabe-internacional-politica","category-noticias-arabe-internacional-politica","category-ultimas-noticias"],"_links":{"self":[{"href":"https:\/\/archive.sana.sy\/es\/index.php?rest_route=\/wp\/v2\/posts\/234671"}],"collection":[{"href":"https:\/\/archive.sana.sy\/es\/index.php?rest_route=\/wp\/v2\/posts"}],"about":[{"href":"https:\/\/archive.sana.sy\/es\/index.php?rest_route=\/wp\/v2\/types\/post"}],"author":[{"embeddable":true,"href":"https:\/\/archive.sana.sy\/es\/index.php?rest_route=\/wp\/v2\/users\/39"}],"replies":[{"embeddable":true,"href":"https:\/\/archive.sana.sy\/es\/index.php?rest_route=%2Fwp%2Fv2%2Fcomments&post=234671"}],"version-history":[{"count":0,"href":"https:\/\/archive.sana.sy\/es\/index.php?rest_route=\/wp\/v2\/posts\/234671\/revisions"}],"wp:featuredmedia":[{"embeddable":true,"href":"https:\/\/archive.sana.sy\/es\/index.php?rest_route=\/wp\/v2\/media\/234672"}],"wp:attachment":[{"href":"https:\/\/archive.sana.sy\/es\/index.php?rest_route=%2Fwp%2Fv2%2Fmedia&parent=234671"}],"wp:term":[{"taxonomy":"category","embeddable":true,"href":"https:\/\/archive.sana.sy\/es\/index.php?rest_route=%2Fwp%2Fv2%2Fcategories&post=234671"},{"taxonomy":"post_tag","embeddable":true,"href":"https:\/\/archive.sana.sy\/es\/index.php?rest_route=%2Fwp%2Fv2%2Ftags&post=234671"}],"curies":[{"name":"wp","href":"https:\/\/api.w.org\/{rel}","templated":true}]}}