{"id":234680,"date":"2022-05-21T12:15:38","date_gmt":"2022-05-21T09:15:38","guid":{"rendered":"http:\/\/107.6.182.27\/es\/?p=234680"},"modified":"2023-01-10T16:18:29","modified_gmt":"2023-01-10T14:18:29","slug":"marina-del-ocupante-israeli-ataca-a-pescadores-palestinos-en-el-mar-de-gaza","status":"publish","type":"post","link":"https:\/\/archive.sana.sy\/es\/?p=234680","title":{"rendered":"Marina del ocupante israel\u00ed ataca a pescadores palestinos en el mar de Gaza"},"content":{"rendered":"<p style=\"text-align: justify;\"><span style=\"color: #800000;\"><strong>Jerusal\u00e9n ocupada, 21 may (SANA)\u00a0 \u00a0<\/strong><\/span> La marina de la ocupaci\u00f3n israel\u00ed agredi\u00f3 hoy a los pescadores palestinos en el mar de la Franja de Gaza.<\/p>\n<p style=\"text-align: justify;\">Seg\u00fan informaron medios palestinos, la marina israel\u00ed abri\u00f3 fuego contra los buques pesqueros en el mar frente a Rafah, al noroeste de la Franja, lo que obligaba a los pesqueros a regresar a la costa.<\/p>\n<p style=\"text-align: justify;\">En la v\u00edspera, las tropas sionistas atacaron a los pescadores palestinos en el norte y noroeste de la Franja.<\/p>\n<p style=\"text-align: justify;\">sm<\/p>\n<p style=\"text-align: justify;\">\n","protected":false},"excerpt":{"rendered":"<p>Jerusal\u00e9n ocupada, 21 may (SANA)\u00a0 \u00a0 La marina de la ocupaci\u00f3n israel\u00ed agredi\u00f3 hoy a los pescadores palestinos en el mar de la Franja de Gaza. Seg\u00fan informaron medios palestinos, la marina israel\u00ed abri\u00f3 fuego contra los buques pesqueros en el mar frente a Rafah, al noroeste de la Franja, lo que obligaba a los &hellip;<\/p>\n","protected":false},"author":39,"featured_media":234681,"comment_status":"closed","ping_status":"closed","sticky":false,"template":"","format":"standard","meta":{"footnotes":""},"categories":[597,456,7541],"tags":[],"class_list":["post-234680","post","type-post","status-publish","format-standard","has-post-thumbnail","","category-cinta-de-noticias","category-arabe-internacional-politica","category-ultimas-noticias"],"_links":{"self":[{"href":"https:\/\/archive.sana.sy\/es\/index.php?rest_route=\/wp\/v2\/posts\/234680"}],"collection":[{"href":"https:\/\/archive.sana.sy\/es\/index.php?rest_route=\/wp\/v2\/posts"}],"about":[{"href":"https:\/\/archive.sana.sy\/es\/index.php?rest_route=\/wp\/v2\/types\/post"}],"author":[{"embeddable":true,"href":"https:\/\/archive.sana.sy\/es\/index.php?rest_route=\/wp\/v2\/users\/39"}],"replies":[{"embeddable":true,"href":"https:\/\/archive.sana.sy\/es\/index.php?rest_route=%2Fwp%2Fv2%2Fcomments&post=234680"}],"version-history":[{"count":0,"href":"https:\/\/archive.sana.sy\/es\/index.php?rest_route=\/wp\/v2\/posts\/234680\/revisions"}],"wp:featuredmedia":[{"embeddable":true,"href":"https:\/\/archive.sana.sy\/es\/index.php?rest_route=\/wp\/v2\/media\/234681"}],"wp:attachment":[{"href":"https:\/\/archive.sana.sy\/es\/index.php?rest_route=%2Fwp%2Fv2%2Fmedia&parent=234680"}],"wp:term":[{"taxonomy":"category","embeddable":true,"href":"https:\/\/archive.sana.sy\/es\/index.php?rest_route=%2Fwp%2Fv2%2Fcategories&post=234680"},{"taxonomy":"post_tag","embeddable":true,"href":"https:\/\/archive.sana.sy\/es\/index.php?rest_route=%2Fwp%2Fv2%2Ftags&post=234680"}],"curies":[{"name":"wp","href":"https:\/\/api.w.org\/{rel}","templated":true}]}}