{"id":23470,"date":"2015-05-18T16:20:16","date_gmt":"2015-05-18T13:20:16","guid":{"rendered":"http:\/\/sana.sy\/es\/?p=23470"},"modified":"2015-05-18T16:21:28","modified_gmt":"2015-05-18T13:21:28","slug":"velayati-la-victoria-de-kalamoon-mejora-el-frente-de-resistencia-en-la-region","status":"publish","type":"post","link":"https:\/\/archive.sana.sy\/es\/?p=23470","title":{"rendered":"Velayati: la victoria de Kalamoon mejora el frente de resistencia en la regi\u00f3n"},"content":{"rendered":"<p><span style=\"color: #ff0000\">Beirut, SANA<\/span><\/p>\n<p>El asesor del Inductor de la Revoluci\u00f3n Isl\u00e1mica en Ir\u00e1n para de asuntos internacionales, Ali Akbar Velayati afirm\u00f3 que la victoria lograda por el ej\u00e9rcito \u00e1rabe sirio y la resistencia libanes en el Kalamoon forma una fuente de mejorar el frente de la resistencia en la regi\u00f3n.<\/p>\n<p>Velayati dijo en una declaraci\u00f3n de prensa que todas las potencias que pertenecen al eje de la resistencia podr\u00edan trabajar a nivel de todos los pa\u00edses que sufren del terrorismo para combatir las fuerzas oscuras en todas las plazas de la regi\u00f3n.<\/p>\n<p>El mismo expres\u00f3 su esperanza de que los estados regionales dejen de apoyar al terrorismo en Siria y el L\u00edbano.<\/p>\n<p><span style=\"color: #00ccff\">Hala B., Ryad Sh.<\/span><\/p>\n","protected":false},"excerpt":{"rendered":"<p>Beirut, SANA El asesor del Inductor de la Revoluci\u00f3n Isl\u00e1mica en Ir\u00e1n para de asuntos internacionales, Ali Akbar Velayati afirm\u00f3 que la victoria lograda por el ej\u00e9rcito \u00e1rabe sirio y la resistencia libanes en el Kalamoon forma una fuente de mejorar el frente de la resistencia en la regi\u00f3n. Velayati dijo en una declaraci\u00f3n de &hellip;<\/p>\n","protected":false},"author":1,"featured_media":23472,"comment_status":"closed","ping_status":"closed","sticky":false,"template":"","format":"standard","meta":{"footnotes":""},"categories":[597,456],"tags":[5304],"class_list":["post-23470","post","type-post","status-publish","format-standard","has-post-thumbnail","","category-cinta-de-noticias","category-arabe-internacional-politica","tag-velayati-la-victoria-de-kalamoon-mejora-el-frente-de-resistencia-en-la-region"],"_links":{"self":[{"href":"https:\/\/archive.sana.sy\/es\/index.php?rest_route=\/wp\/v2\/posts\/23470"}],"collection":[{"href":"https:\/\/archive.sana.sy\/es\/index.php?rest_route=\/wp\/v2\/posts"}],"about":[{"href":"https:\/\/archive.sana.sy\/es\/index.php?rest_route=\/wp\/v2\/types\/post"}],"author":[{"embeddable":true,"href":"https:\/\/archive.sana.sy\/es\/index.php?rest_route=\/wp\/v2\/users\/1"}],"replies":[{"embeddable":true,"href":"https:\/\/archive.sana.sy\/es\/index.php?rest_route=%2Fwp%2Fv2%2Fcomments&post=23470"}],"version-history":[{"count":0,"href":"https:\/\/archive.sana.sy\/es\/index.php?rest_route=\/wp\/v2\/posts\/23470\/revisions"}],"wp:featuredmedia":[{"embeddable":true,"href":"https:\/\/archive.sana.sy\/es\/index.php?rest_route=\/wp\/v2\/media\/23472"}],"wp:attachment":[{"href":"https:\/\/archive.sana.sy\/es\/index.php?rest_route=%2Fwp%2Fv2%2Fmedia&parent=23470"}],"wp:term":[{"taxonomy":"category","embeddable":true,"href":"https:\/\/archive.sana.sy\/es\/index.php?rest_route=%2Fwp%2Fv2%2Fcategories&post=23470"},{"taxonomy":"post_tag","embeddable":true,"href":"https:\/\/archive.sana.sy\/es\/index.php?rest_route=%2Fwp%2Fv2%2Ftags&post=23470"}],"curies":[{"name":"wp","href":"https:\/\/api.w.org\/{rel}","templated":true}]}}