{"id":234734,"date":"2022-05-21T17:12:07","date_gmt":"2022-05-21T14:12:07","guid":{"rendered":"http:\/\/107.6.182.27\/es\/?p=234734"},"modified":"2023-01-10T15:23:25","modified_gmt":"2023-01-10T13:23:25","slug":"siria-y-serbia-firman-documento-de-cooperacion-en-el-campo-agricola","status":"publish","type":"post","link":"https:\/\/archive.sana.sy\/es\/?p=234734","title":{"rendered":"Siria y Serbia firman documento de cooperaci\u00f3n en el campo agr\u00edcola"},"content":{"rendered":"<blockquote>\n<p style=\"text-align: justify;\">El titular de agricultura serbio manifest\u00f3 el deseo de su pa\u00eds de mejorar el intercambio comercial con Siria, y destac\u00f3 la importancia de elevar las relaciones econ\u00f3micas, agr\u00edcolas y comerciales al nivel de las relaciones pol\u00edticas entre los dos pa\u00edses amigos.<\/p>\n<\/blockquote>\n<p style=\"text-align: justify;\"><span style=\"color: #800000;\"><strong>Belgrado, 21 may (SANA)<\/strong><\/span> Siria y Serbia firmaron hoy en Belgrado un memorando de entendimiento para la cooperaci\u00f3n bilateral en el campo agr\u00edcola.<\/p>\n<p style=\"text-align: justify;\">El documento fue rubricado por el ministro sirio de Agricultura, Hassan Qatana, y el ministro de Agricultura, Silvicultura y Gesti\u00f3n del Agua de Serbia, Pristlav Nadimovic.<\/p>\n<p style=\"text-align: justify;\"><img loading=\"lazy\" decoding=\"async\" class=\"size-medium wp-image-234735 alignright\" src=\"http:\/\/107.6.182.27\/es\/wp-content\/uploads\/2022\/05\/2-153-300x231.jpg\" alt=\"\" width=\"300\" height=\"231\" srcset=\"https:\/\/archive.sana.sy\/es\/wp-content\/uploads\/2022\/05\/2-153-300x231.jpg 300w, https:\/\/archive.sana.sy\/es\/wp-content\/uploads\/2022\/05\/2-153-150x116.jpg 150w, https:\/\/archive.sana.sy\/es\/wp-content\/uploads\/2022\/05\/2-153.jpg 660w\" sizes=\"(max-width: 300px) 100vw, 300px\" \/><\/p>\n<p style=\"text-align: justify;\">El memorando estipula impulsar la cooperaci\u00f3n en los campos de la investigaci\u00f3n agr\u00edcola y cient\u00edfica, y la introducci\u00f3n de tecnolog\u00edas modernas en los campos agr\u00edcola, vegetal y animal, adem\u00e1s de la cooperaci\u00f3n en los campos de las biotecnolog\u00edas, la agricultura org\u00e1nica y la acuicultura, y el intercambio de experiencias.<\/p>\n<p style=\"text-align: justify;\">La firma del memorando estuvo precedida por una sesi\u00f3n de conversaciones entre los dos ministros, Katana y Nadimovich, durante la cual discutieron las v\u00edas para mejorar las relaciones econ\u00f3micas y comerciales entre los dos pa\u00edses.<\/p>\n<p style=\"text-align: justify;\">El titular de agricultura serbio manifest\u00f3 el deseo de su pa\u00eds de mejorar el intercambio comercial con Siria, y destac\u00f3 la importancia de elevar las relaciones econ\u00f3micas, agr\u00edcolas y comerciales al nivel de las relaciones pol\u00edticas entre los dos pa\u00edses amigos.<\/p>\n<p style=\"text-align: justify;\"><img loading=\"lazy\" decoding=\"async\" class=\"size-medium wp-image-234736 alignright\" src=\"http:\/\/107.6.182.27\/es\/wp-content\/uploads\/2022\/05\/3-128-300x196.jpg\" alt=\"\" width=\"300\" height=\"196\" srcset=\"https:\/\/archive.sana.sy\/es\/wp-content\/uploads\/2022\/05\/3-128-300x196.jpg 300w, https:\/\/archive.sana.sy\/es\/wp-content\/uploads\/2022\/05\/3-128-150x98.jpg 150w, https:\/\/archive.sana.sy\/es\/wp-content\/uploads\/2022\/05\/3-128.jpg 660w\" sizes=\"(max-width: 300px) 100vw, 300px\" \/><\/p>\n<p style=\"text-align: justify;\">Es necesario aprovechar la capacidad del lado serbio de exportar muchos de sus productos agr\u00edcolas, incluidos trigo, ma\u00edz, aceite de ma\u00edz y girasol, fertilizantes y piensos, explic\u00f3.<\/p>\n<p style=\"text-align: justify;\">fm\/sm<\/p>\n","protected":false},"excerpt":{"rendered":"<p>El titular de agricultura serbio manifest\u00f3 el deseo de su pa\u00eds de mejorar el intercambio comercial con Siria, y destac\u00f3 la importancia de elevar las relaciones econ\u00f3micas, agr\u00edcolas y comerciales al nivel de las relaciones pol\u00edticas entre los dos pa\u00edses amigos. Belgrado, 21 may (SANA) Siria y Serbia firmaron hoy en Belgrado un memorando de &hellip;<\/p>\n","protected":false},"author":39,"featured_media":234737,"comment_status":"closed","ping_status":"closed","sticky":false,"template":"","format":"standard","meta":{"footnotes":""},"categories":[597,16686,485,467,7541],"tags":[],"class_list":["post-234734","post","type-post","status-publish","format-standard","has-post-thumbnail","","category-cinta-de-noticias","category-economia","category-informes-negocios-y-finanzas","category-siria-y-el-mundo","category-ultimas-noticias"],"_links":{"self":[{"href":"https:\/\/archive.sana.sy\/es\/index.php?rest_route=\/wp\/v2\/posts\/234734"}],"collection":[{"href":"https:\/\/archive.sana.sy\/es\/index.php?rest_route=\/wp\/v2\/posts"}],"about":[{"href":"https:\/\/archive.sana.sy\/es\/index.php?rest_route=\/wp\/v2\/types\/post"}],"author":[{"embeddable":true,"href":"https:\/\/archive.sana.sy\/es\/index.php?rest_route=\/wp\/v2\/users\/39"}],"replies":[{"embeddable":true,"href":"https:\/\/archive.sana.sy\/es\/index.php?rest_route=%2Fwp%2Fv2%2Fcomments&post=234734"}],"version-history":[{"count":0,"href":"https:\/\/archive.sana.sy\/es\/index.php?rest_route=\/wp\/v2\/posts\/234734\/revisions"}],"wp:featuredmedia":[{"embeddable":true,"href":"https:\/\/archive.sana.sy\/es\/index.php?rest_route=\/wp\/v2\/media\/234737"}],"wp:attachment":[{"href":"https:\/\/archive.sana.sy\/es\/index.php?rest_route=%2Fwp%2Fv2%2Fmedia&parent=234734"}],"wp:term":[{"taxonomy":"category","embeddable":true,"href":"https:\/\/archive.sana.sy\/es\/index.php?rest_route=%2Fwp%2Fv2%2Fcategories&post=234734"},{"taxonomy":"post_tag","embeddable":true,"href":"https:\/\/archive.sana.sy\/es\/index.php?rest_route=%2Fwp%2Fv2%2Ftags&post=234734"}],"curies":[{"name":"wp","href":"https:\/\/api.w.org\/{rel}","templated":true}]}}