{"id":234739,"date":"2022-05-21T16:10:08","date_gmt":"2022-05-21T13:10:08","guid":{"rendered":"http:\/\/107.6.182.27\/es\/?p=234739"},"modified":"2022-08-06T15:11:28","modified_gmt":"2022-08-06T12:11:28","slug":"estudiantes-sirios-ganan-cuatro-medallas-en-olimpiadas-internacionales-de-fisica-aplicada-2022","status":"publish","type":"post","link":"https:\/\/archive.sana.sy\/es\/?p=234739","title":{"rendered":"Estudiantes sirios ganan cuatro medallas en Olimpiadas Internacionales de F\u00edsica Aplicada 2022"},"content":{"rendered":"<p style=\"text-align: justify;\"><span style=\"color: #800000;\"><strong>Damasco, 21 may (SANA)\u00a0<\/strong><\/span> \u00a0Estudiantes sirios ganaron dos medallas de oro, una de plata y una de bronce en la Olimpiada Mundial de F\u00edsica Aplicada 2022, que fue organizada a distancia por Indonesia a finales del pasado mes de abril con la participaci\u00f3n de 20 pa\u00edses.<\/p>\n<p style=\"text-align: justify;\">La Autoridad de Excelencia y Creatividad inform\u00f3 a SANA que las dos medallas de oro fueron ganadas por los estudiantes Jana Nael Noaman y Laith Haitham Al-Sheikh mientras la medalla de plata la obtuvo el estudiante Rasein Sadiq Shabib y la de bronce fue conseguida por Ammar Raqed Masoud, de 12 grados.<\/p>\n<p style=\"text-align: justify;\">Cabe se\u00f1alar que esta participaci\u00f3n es la segunda consecutiva con \u00e9xitos de la Olimpiada Cient\u00edfica Siria ya que en la primera, que fue el a\u00f1o pasado, la delegaci\u00f3n siria obtuvo cinco medallas de plata y una de bronce.<\/p>\n<p style=\"text-align: justify;\">sm\/fm<\/p>\n","protected":false},"excerpt":{"rendered":"<p>Damasco, 21 may (SANA)\u00a0 \u00a0Estudiantes sirios ganaron dos medallas de oro, una de plata y una de bronce en la Olimpiada Mundial de F\u00edsica Aplicada 2022, que fue organizada a distancia por Indonesia a finales del pasado mes de abril con la participaci\u00f3n de 20 pa\u00edses. La Autoridad de Excelencia y Creatividad inform\u00f3 a SANA &hellip;<\/p>\n","protected":false},"author":39,"featured_media":234740,"comment_status":"closed","ping_status":"closed","sticky":false,"template":"","format":"standard","meta":{"footnotes":""},"categories":[447,597,476,457,7541],"tags":[],"class_list":["post-234739","post","type-post","status-publish","format-standard","has-post-thumbnail","","category-local-politica","category-cinta-de-noticias","category-locales","category-noticias-arabe-internacional-politica","category-ultimas-noticias"],"_links":{"self":[{"href":"https:\/\/archive.sana.sy\/es\/index.php?rest_route=\/wp\/v2\/posts\/234739"}],"collection":[{"href":"https:\/\/archive.sana.sy\/es\/index.php?rest_route=\/wp\/v2\/posts"}],"about":[{"href":"https:\/\/archive.sana.sy\/es\/index.php?rest_route=\/wp\/v2\/types\/post"}],"author":[{"embeddable":true,"href":"https:\/\/archive.sana.sy\/es\/index.php?rest_route=\/wp\/v2\/users\/39"}],"replies":[{"embeddable":true,"href":"https:\/\/archive.sana.sy\/es\/index.php?rest_route=%2Fwp%2Fv2%2Fcomments&post=234739"}],"version-history":[{"count":0,"href":"https:\/\/archive.sana.sy\/es\/index.php?rest_route=\/wp\/v2\/posts\/234739\/revisions"}],"wp:featuredmedia":[{"embeddable":true,"href":"https:\/\/archive.sana.sy\/es\/index.php?rest_route=\/wp\/v2\/media\/234740"}],"wp:attachment":[{"href":"https:\/\/archive.sana.sy\/es\/index.php?rest_route=%2Fwp%2Fv2%2Fmedia&parent=234739"}],"wp:term":[{"taxonomy":"category","embeddable":true,"href":"https:\/\/archive.sana.sy\/es\/index.php?rest_route=%2Fwp%2Fv2%2Fcategories&post=234739"},{"taxonomy":"post_tag","embeddable":true,"href":"https:\/\/archive.sana.sy\/es\/index.php?rest_route=%2Fwp%2Fv2%2Ftags&post=234739"}],"curies":[{"name":"wp","href":"https:\/\/api.w.org\/{rel}","templated":true}]}}