{"id":234752,"date":"2022-05-21T20:30:12","date_gmt":"2022-05-21T17:30:12","guid":{"rendered":"http:\/\/107.6.182.27\/es\/?p=234752"},"modified":"2022-05-21T20:57:49","modified_gmt":"2022-05-21T17:57:49","slug":"siria-condena-agresion-israeli-y-pide-una-condena-clara-y-franca-del-consejo-de-seguridad-a-la-misma","status":"publish","type":"post","link":"https:\/\/archive.sana.sy\/es\/?p=234752","title":{"rendered":"Siria condena agresi\u00f3n israel\u00ed y pide una condena clara y franca del Consejo de Seguridad a la misma"},"content":{"rendered":"<p style=\"text-align: justify;\"><span style=\"color: #800000;\"><strong>Damasco, 21 may (SANA)\u00a0<\/strong><\/span> \u00a0El Ministerio de Exteriores y Expatriados afirm\u00f3 hoy que \u201cpor segunda vez en una semana, las fuerzas de ocupaci\u00f3n israel\u00edes cometieron una brutal agresi\u00f3n con misiles contra el territorio de la Rep\u00fablica \u00c1rabe Siria y caus\u00f3 la muerte de tres personas y p\u00e9rdidas materiales, este 20 de mayo.\u201d<\/p>\n<p style=\"text-align: justify;\">Por medio de un comunicado, Canciller\u00eda conden\u00f3 esta flagrante agresi\u00f3n y asegur\u00f3 que Damasco se reserva el derecho de responder por los medios apropiados reconocidos por el Derecho Internacional y la Carta de las Naciones Unidas.<\/p>\n<p style=\"text-align: justify;\">Exhort\u00f3 al Secretario General de las Naciones Unidas y al Consejo de Seguridad a que emitan una condena clara y franca a los repetidos ataques israel\u00edes, en consonancia con el mandato del Consejo de Seguridad de mantener la paz y la seguridad internacionales y aplicar las disposiciones de las Naciones Unidas y las resoluciones relevantes.<\/p>\n<p style=\"text-align: justify;\">Inst\u00f3 que se obligue a Israel a respetar las resoluciones pertinentes del Consejo de Seguridad y que acate las disposiciones del acuerdo de Separaci\u00f3n de Fuerzas firmado en Ginebra el 31 de mayo de 1974, y que cese de inmediato y sin condiciones sus agresiones que amenazan la paz y la seguridad regional e internacional.<\/p>\n","protected":false},"excerpt":{"rendered":"<p>Damasco, 21 may (SANA)\u00a0 \u00a0El Ministerio de Exteriores y Expatriados afirm\u00f3 hoy que \u201cpor segunda vez en una semana, las fuerzas de ocupaci\u00f3n israel\u00edes cometieron una brutal agresi\u00f3n con misiles contra el territorio de la Rep\u00fablica \u00c1rabe Siria y caus\u00f3 la muerte de tres personas y p\u00e9rdidas materiales, este 20 de mayo.\u201d Por medio de &hellip;<\/p>\n","protected":false},"author":31,"featured_media":234762,"comment_status":"closed","ping_status":"closed","sticky":false,"template":"","format":"standard","meta":{"footnotes":""},"categories":[597,476,583],"tags":[],"class_list":["post-234752","post","type-post","status-publish","format-standard","has-post-thumbnail","","category-cinta-de-noticias","category-locales","category-slide"],"_links":{"self":[{"href":"https:\/\/archive.sana.sy\/es\/index.php?rest_route=\/wp\/v2\/posts\/234752"}],"collection":[{"href":"https:\/\/archive.sana.sy\/es\/index.php?rest_route=\/wp\/v2\/posts"}],"about":[{"href":"https:\/\/archive.sana.sy\/es\/index.php?rest_route=\/wp\/v2\/types\/post"}],"author":[{"embeddable":true,"href":"https:\/\/archive.sana.sy\/es\/index.php?rest_route=\/wp\/v2\/users\/31"}],"replies":[{"embeddable":true,"href":"https:\/\/archive.sana.sy\/es\/index.php?rest_route=%2Fwp%2Fv2%2Fcomments&post=234752"}],"version-history":[{"count":0,"href":"https:\/\/archive.sana.sy\/es\/index.php?rest_route=\/wp\/v2\/posts\/234752\/revisions"}],"wp:featuredmedia":[{"embeddable":true,"href":"https:\/\/archive.sana.sy\/es\/index.php?rest_route=\/wp\/v2\/media\/234762"}],"wp:attachment":[{"href":"https:\/\/archive.sana.sy\/es\/index.php?rest_route=%2Fwp%2Fv2%2Fmedia&parent=234752"}],"wp:term":[{"taxonomy":"category","embeddable":true,"href":"https:\/\/archive.sana.sy\/es\/index.php?rest_route=%2Fwp%2Fv2%2Fcategories&post=234752"},{"taxonomy":"post_tag","embeddable":true,"href":"https:\/\/archive.sana.sy\/es\/index.php?rest_route=%2Fwp%2Fv2%2Ftags&post=234752"}],"curies":[{"name":"wp","href":"https:\/\/api.w.org\/{rel}","templated":true}]}}