{"id":234755,"date":"2022-05-21T16:05:15","date_gmt":"2022-05-21T13:05:15","guid":{"rendered":"http:\/\/107.6.182.27\/es\/?p=234755"},"modified":"2022-05-21T20:37:10","modified_gmt":"2022-05-21T17:37:10","slug":"explosion-de-mina-remanente-de-terroristas-provoca-seis-heridos","status":"publish","type":"post","link":"https:\/\/archive.sana.sy\/es\/?p=234755","title":{"rendered":"Explosi\u00f3n de mina remanente de terroristas provoca seis heridos (fotos)"},"content":{"rendered":"<p style=\"text-align: justify;\"><span style=\"color: #800000;\"><strong>Hama, 21 may (SANA)\u00a0 \u00a0<\/strong><\/span>Seis civiles resultaron heridos al estallarse una mina remanente de organizaciones terroristas en el sur de la provincia de Hama.<\/p>\n<p style=\"text-align: justify;\">La Polic\u00eda inform\u00f3 al corresponsal de SANA que la mina explosion\u00f3 al pasarse una camioneta \u201cPick Up\u201d en los alrededores del pueblo de al-Zara en Hama.<\/p>\n<p style=\"text-align: justify;\">La explosi\u00f3n caus\u00f3 heridas a seis civiles, algunos graves, detall\u00f3.<\/p>\n<p style=\"text-align: justify;\">La v\u00edspera, tres civiles resultaron heridos, entre ellos un ni\u00f1o, por la explosi\u00f3n de una mina abandonada por terroristas en la localidad de Souran en el norte de Hama.<\/p>\n<p style=\"text-align: justify;\">rr\/fm<\/p>\n<p>&nbsp;<\/p>\n<div id='gallery-1' class='gallery galleryid-234755 gallery-columns-1 gallery-size-full'><figure class='gallery-item'>\n\t\t\t<div class='gallery-icon landscape'>\n\t\t\t\t<a href='https:\/\/archive.sana.sy\/es\/wp-content\/uploads\/2022\/05\/photo_2022-05-21_19-35-18.jpg'><img loading=\"lazy\" decoding=\"async\" width=\"720\" height=\"540\" src=\"https:\/\/archive.sana.sy\/es\/wp-content\/uploads\/2022\/05\/photo_2022-05-21_19-35-18.jpg\" class=\"attachment-full size-full\" alt=\"\" srcset=\"https:\/\/archive.sana.sy\/es\/wp-content\/uploads\/2022\/05\/photo_2022-05-21_19-35-18.jpg 720w, https:\/\/archive.sana.sy\/es\/wp-content\/uploads\/2022\/05\/photo_2022-05-21_19-35-18-300x225.jpg 300w, https:\/\/archive.sana.sy\/es\/wp-content\/uploads\/2022\/05\/photo_2022-05-21_19-35-18-150x113.jpg 150w\" sizes=\"(max-width: 720px) 100vw, 720px\" \/><\/a>\n\t\t\t<\/div><\/figure><figure class='gallery-item'>\n\t\t\t<div class='gallery-icon landscape'>\n\t\t\t\t<a href='https:\/\/archive.sana.sy\/es\/wp-content\/uploads\/2022\/05\/photo_2022-05-21_19-35-21.jpg'><img loading=\"lazy\" decoding=\"async\" width=\"960\" height=\"720\" src=\"https:\/\/archive.sana.sy\/es\/wp-content\/uploads\/2022\/05\/photo_2022-05-21_19-35-21.jpg\" class=\"attachment-full size-full\" alt=\"\" srcset=\"https:\/\/archive.sana.sy\/es\/wp-content\/uploads\/2022\/05\/photo_2022-05-21_19-35-21.jpg 960w, https:\/\/archive.sana.sy\/es\/wp-content\/uploads\/2022\/05\/photo_2022-05-21_19-35-21-300x225.jpg 300w, https:\/\/archive.sana.sy\/es\/wp-content\/uploads\/2022\/05\/photo_2022-05-21_19-35-21-150x113.jpg 150w, https:\/\/archive.sana.sy\/es\/wp-content\/uploads\/2022\/05\/photo_2022-05-21_19-35-21-768x576.jpg 768w\" sizes=\"(max-width: 960px) 100vw, 960px\" \/><\/a>\n\t\t\t<\/div><\/figure>\n\t\t<\/div>\n\n","protected":false},"excerpt":{"rendered":"<p>Hama, 21 may (SANA)\u00a0 \u00a0Seis civiles resultaron heridos al estallarse una mina remanente de organizaciones terroristas en el sur de la provincia de Hama. La Polic\u00eda inform\u00f3 al corresponsal de SANA que la mina explosion\u00f3 al pasarse una camioneta \u201cPick Up\u201d en los alrededores del pueblo de al-Zara en Hama. La explosi\u00f3n caus\u00f3 heridas a &hellip;<\/p>\n","protected":false},"author":31,"featured_media":234756,"comment_status":"closed","ping_status":"closed","sticky":false,"template":"","format":"standard","meta":{"footnotes":""},"categories":[597,573,476,7541],"tags":[],"class_list":["post-234755","post","type-post","status-publish","format-standard","has-post-thumbnail","","category-cinta-de-noticias","category-la-realidad-de-los-acontecimientos-en-siria","category-locales","category-ultimas-noticias"],"_links":{"self":[{"href":"https:\/\/archive.sana.sy\/es\/index.php?rest_route=\/wp\/v2\/posts\/234755"}],"collection":[{"href":"https:\/\/archive.sana.sy\/es\/index.php?rest_route=\/wp\/v2\/posts"}],"about":[{"href":"https:\/\/archive.sana.sy\/es\/index.php?rest_route=\/wp\/v2\/types\/post"}],"author":[{"embeddable":true,"href":"https:\/\/archive.sana.sy\/es\/index.php?rest_route=\/wp\/v2\/users\/31"}],"replies":[{"embeddable":true,"href":"https:\/\/archive.sana.sy\/es\/index.php?rest_route=%2Fwp%2Fv2%2Fcomments&post=234755"}],"version-history":[{"count":0,"href":"https:\/\/archive.sana.sy\/es\/index.php?rest_route=\/wp\/v2\/posts\/234755\/revisions"}],"wp:featuredmedia":[{"embeddable":true,"href":"https:\/\/archive.sana.sy\/es\/index.php?rest_route=\/wp\/v2\/media\/234756"}],"wp:attachment":[{"href":"https:\/\/archive.sana.sy\/es\/index.php?rest_route=%2Fwp%2Fv2%2Fmedia&parent=234755"}],"wp:term":[{"taxonomy":"category","embeddable":true,"href":"https:\/\/archive.sana.sy\/es\/index.php?rest_route=%2Fwp%2Fv2%2Fcategories&post=234755"},{"taxonomy":"post_tag","embeddable":true,"href":"https:\/\/archive.sana.sy\/es\/index.php?rest_route=%2Fwp%2Fv2%2Ftags&post=234755"}],"curies":[{"name":"wp","href":"https:\/\/api.w.org\/{rel}","templated":true}]}}