{"id":234763,"date":"2022-05-21T16:15:15","date_gmt":"2022-05-21T13:15:15","guid":{"rendered":"http:\/\/107.6.182.27\/es\/?p=234763"},"modified":"2022-05-21T21:51:48","modified_gmt":"2022-05-21T18:51:48","slug":"combatientes-ucranianos-exhiben-tatuajes-con-esvasticas-y-simbolos-nazis-luego-de-rendirse-en-azovstal","status":"publish","type":"post","link":"https:\/\/archive.sana.sy\/es\/?p=234763","title":{"rendered":"Combatientes ucranianos exhiben tatuajes con esv\u00e1sticas y s\u00edmbolos nazis luego de rendirse en Azovstal"},"content":{"rendered":"<p style=\"text-align: justify;\"><span style=\"color: #800000;\"><strong>Mosc\u00fa, 21 may (SANA)<\/strong><\/span>\u00a0 \u00a0El Ministerio de Defensa de Rusia public\u00f3 un video en el que los militares ucranianos e integrantes del batall\u00f3n Azov mostraron sus tatuajes con esv\u00e1sticas y otros s\u00edmbolos nazis.<\/p>\n<p style=\"text-align: justify;\">Las im\u00e1genes fueron hechas poco despu\u00e9s de que los combatientes abandonaran la planta sider\u00fargica Azovstal, en la ciudad de Mari\u00fapol.<\/p>\n<p style=\"text-align: justify;\">Entre las im\u00e1genes se puede observar la cruz celta, la calavera s\u00edmbolo de una unidad de las SS en la Alemania nazi y las propias letras &#8216;SS&#8217;, as\u00ed como un retrato del difunto neonazi ruso Maxim &#8216;Tesak&#8217; Martsink\u00e9vich e incluso uno con la cara de Adolf Hitler.<\/p>\n<p style=\"text-align: justify;\">fm\/rr<\/p>\n","protected":false},"excerpt":{"rendered":"<p>Mosc\u00fa, 21 may (SANA)\u00a0 \u00a0El Ministerio de Defensa de Rusia public\u00f3 un video en el que los militares ucranianos e integrantes del batall\u00f3n Azov mostraron sus tatuajes con esv\u00e1sticas y otros s\u00edmbolos nazis. Las im\u00e1genes fueron hechas poco despu\u00e9s de que los combatientes abandonaran la planta sider\u00fargica Azovstal, en la ciudad de Mari\u00fapol. Entre las &hellip;<\/p>\n","protected":false},"author":31,"featured_media":234764,"comment_status":"closed","ping_status":"closed","sticky":false,"template":"","format":"standard","meta":{"footnotes":""},"categories":[597,456,7541],"tags":[],"class_list":["post-234763","post","type-post","status-publish","format-standard","has-post-thumbnail","","category-cinta-de-noticias","category-arabe-internacional-politica","category-ultimas-noticias"],"_links":{"self":[{"href":"https:\/\/archive.sana.sy\/es\/index.php?rest_route=\/wp\/v2\/posts\/234763"}],"collection":[{"href":"https:\/\/archive.sana.sy\/es\/index.php?rest_route=\/wp\/v2\/posts"}],"about":[{"href":"https:\/\/archive.sana.sy\/es\/index.php?rest_route=\/wp\/v2\/types\/post"}],"author":[{"embeddable":true,"href":"https:\/\/archive.sana.sy\/es\/index.php?rest_route=\/wp\/v2\/users\/31"}],"replies":[{"embeddable":true,"href":"https:\/\/archive.sana.sy\/es\/index.php?rest_route=%2Fwp%2Fv2%2Fcomments&post=234763"}],"version-history":[{"count":0,"href":"https:\/\/archive.sana.sy\/es\/index.php?rest_route=\/wp\/v2\/posts\/234763\/revisions"}],"wp:featuredmedia":[{"embeddable":true,"href":"https:\/\/archive.sana.sy\/es\/index.php?rest_route=\/wp\/v2\/media\/234764"}],"wp:attachment":[{"href":"https:\/\/archive.sana.sy\/es\/index.php?rest_route=%2Fwp%2Fv2%2Fmedia&parent=234763"}],"wp:term":[{"taxonomy":"category","embeddable":true,"href":"https:\/\/archive.sana.sy\/es\/index.php?rest_route=%2Fwp%2Fv2%2Fcategories&post=234763"},{"taxonomy":"post_tag","embeddable":true,"href":"https:\/\/archive.sana.sy\/es\/index.php?rest_route=%2Fwp%2Fv2%2Ftags&post=234763"}],"curies":[{"name":"wp","href":"https:\/\/api.w.org\/{rel}","templated":true}]}}