{"id":234766,"date":"2022-05-21T22:09:48","date_gmt":"2022-05-21T19:09:48","guid":{"rendered":"http:\/\/107.6.182.27\/es\/?p=234766"},"modified":"2022-05-22T16:52:57","modified_gmt":"2022-05-22T13:52:57","slug":"inauguran-exposicion-de-antiguedades-sirias-en-oman","status":"publish","type":"post","link":"https:\/\/archive.sana.sy\/es\/?p=234766","title":{"rendered":"Inauguran exposici\u00f3n de antig\u00fcedades sirias en Om\u00e1n"},"content":{"rendered":"<blockquote>\n<p style=\"text-align: justify;\"><strong>Es de se\u00f1alar que 175 antig\u00fcedades sirias fueron trasladados al Museo Nacional de Om\u00e1n, donde fueron restauradas y conservadas.<\/strong><\/p>\n<\/blockquote>\n<p style=\"text-align: justify;\"><span style=\"color: #800000;\"><strong>Mascate, 21 may (SANA)\u00a0 \u00a0<\/strong><\/span>La Ministra de Cultura, Lubana Mushawah, y la vicepresidenta del Patronato del Museo Nacional de Om\u00e1n, Mona bint Fahd Al Said, inauguraron este s\u00e1bado la exposici\u00f3n \u201cSiria, Cuna de Civilizaciones\u201d en la capital oman\u00ed, Mascate.<\/p>\n<p style=\"text-align: justify;\">En su discurso de apertura, la titular siria se\u00f1al\u00f3 la profundidad de las relaciones culturales entre los dos pa\u00edses hermanos.<\/p>\n<p style=\"text-align: justify;\">Destac\u00f3 los considerables esfuerzos conjuntos realizados por las dos partes para restaurar y documentar las antig\u00fcedades sirias y realizar esta exposici\u00f3n que es la primera de sus tipo en Om\u00e1n.<\/p>\n<p style=\"text-align: justify;\">Asimismo, los dos lados sostuvieron conversaciones conjuntas en asistencia del embajador de Siria en Om\u00e1n, Idris Maya, el gerente de Antig\u00fcedades y Museos, Nazir Awad, y el secretario general del Museo Nacional de Om\u00e1n, Jamal bin Hassan Al-Moussawi.<\/p>\n<p style=\"text-align: justify;\">Siria elogi\u00f3 el papel del Museo Nacional de Om\u00e1n para recuperar un artefacto bajo la custodia del Museo Brit\u00e1nico.<\/p>\n<p style=\"text-align: justify;\">Es de se\u00f1alar que 175 antig\u00fcedades sirias fueron trasladados al Museo Nacional de Om\u00e1n, donde fueron restauradas y conservadas.<\/p>\n<p style=\"text-align: justify;\">rr\/fm<\/p>\n<div id='gallery-1' class='gallery galleryid-234766 gallery-columns-1 gallery-size-full'><figure class='gallery-item'>\n\t\t\t<div class='gallery-icon landscape'>\n\t\t\t\t<a href='https:\/\/archive.sana.sy\/es\/wp-content\/uploads\/2022\/05\/photo_2022-05-21_19-49-38.jpg'><img loading=\"lazy\" decoding=\"async\" width=\"896\" height=\"433\" src=\"https:\/\/archive.sana.sy\/es\/wp-content\/uploads\/2022\/05\/photo_2022-05-21_19-49-38.jpg\" class=\"attachment-full size-full\" alt=\"\" srcset=\"https:\/\/archive.sana.sy\/es\/wp-content\/uploads\/2022\/05\/photo_2022-05-21_19-49-38.jpg 896w, https:\/\/archive.sana.sy\/es\/wp-content\/uploads\/2022\/05\/photo_2022-05-21_19-49-38-300x145.jpg 300w, https:\/\/archive.sana.sy\/es\/wp-content\/uploads\/2022\/05\/photo_2022-05-21_19-49-38-150x72.jpg 150w, https:\/\/archive.sana.sy\/es\/wp-content\/uploads\/2022\/05\/photo_2022-05-21_19-49-38-768x371.jpg 768w\" sizes=\"(max-width: 896px) 100vw, 896px\" \/><\/a>\n\t\t\t<\/div><\/figure><figure class='gallery-item'>\n\t\t\t<div class='gallery-icon landscape'>\n\t\t\t\t<a href='https:\/\/archive.sana.sy\/es\/wp-content\/uploads\/2022\/05\/photo_2022-05-21_19-49-39.jpg'><img loading=\"lazy\" decoding=\"async\" width=\"896\" height=\"466\" src=\"https:\/\/archive.sana.sy\/es\/wp-content\/uploads\/2022\/05\/photo_2022-05-21_19-49-39.jpg\" class=\"attachment-full size-full\" alt=\"\" srcset=\"https:\/\/archive.sana.sy\/es\/wp-content\/uploads\/2022\/05\/photo_2022-05-21_19-49-39.jpg 896w, https:\/\/archive.sana.sy\/es\/wp-content\/uploads\/2022\/05\/photo_2022-05-21_19-49-39-300x156.jpg 300w, https:\/\/archive.sana.sy\/es\/wp-content\/uploads\/2022\/05\/photo_2022-05-21_19-49-39-150x78.jpg 150w, https:\/\/archive.sana.sy\/es\/wp-content\/uploads\/2022\/05\/photo_2022-05-21_19-49-39-768x399.jpg 768w\" sizes=\"(max-width: 896px) 100vw, 896px\" \/><\/a>\n\t\t\t<\/div><\/figure><figure class='gallery-item'>\n\t\t\t<div class='gallery-icon landscape'>\n\t\t\t\t<a href='https:\/\/archive.sana.sy\/es\/wp-content\/uploads\/2022\/05\/photo_2022-05-21_19-49-35.jpg'><img loading=\"lazy\" decoding=\"async\" width=\"933\" height=\"697\" src=\"https:\/\/archive.sana.sy\/es\/wp-content\/uploads\/2022\/05\/photo_2022-05-21_19-49-35.jpg\" class=\"attachment-full size-full\" alt=\"\" srcset=\"https:\/\/archive.sana.sy\/es\/wp-content\/uploads\/2022\/05\/photo_2022-05-21_19-49-35.jpg 933w, https:\/\/archive.sana.sy\/es\/wp-content\/uploads\/2022\/05\/photo_2022-05-21_19-49-35-300x224.jpg 300w, https:\/\/archive.sana.sy\/es\/wp-content\/uploads\/2022\/05\/photo_2022-05-21_19-49-35-150x112.jpg 150w, https:\/\/archive.sana.sy\/es\/wp-content\/uploads\/2022\/05\/photo_2022-05-21_19-49-35-768x574.jpg 768w\" sizes=\"(max-width: 933px) 100vw, 933px\" \/><\/a>\n\t\t\t<\/div><\/figure>\n\t\t<\/div>\n\n","protected":false},"excerpt":{"rendered":"<p>Es de se\u00f1alar que 175 antig\u00fcedades sirias fueron trasladados al Museo Nacional de Om\u00e1n, donde fueron restauradas y conservadas. Mascate, 21 may (SANA)\u00a0 \u00a0La Ministra de Cultura, Lubana Mushawah, y la vicepresidenta del Patronato del Museo Nacional de Om\u00e1n, Mona bint Fahd Al Said, inauguraron este s\u00e1bado la exposici\u00f3n \u201cSiria, Cuna de Civilizaciones\u201d en la &hellip;<\/p>\n","protected":false},"author":31,"featured_media":234769,"comment_status":"closed","ping_status":"closed","sticky":false,"template":"","format":"standard","meta":{"footnotes":""},"categories":[597,510,467,7541],"tags":[],"class_list":["post-234766","post","type-post","status-publish","format-standard","has-post-thumbnail","","category-cinta-de-noticias","category-arte-y-cultura","category-siria-y-el-mundo","category-ultimas-noticias"],"_links":{"self":[{"href":"https:\/\/archive.sana.sy\/es\/index.php?rest_route=\/wp\/v2\/posts\/234766"}],"collection":[{"href":"https:\/\/archive.sana.sy\/es\/index.php?rest_route=\/wp\/v2\/posts"}],"about":[{"href":"https:\/\/archive.sana.sy\/es\/index.php?rest_route=\/wp\/v2\/types\/post"}],"author":[{"embeddable":true,"href":"https:\/\/archive.sana.sy\/es\/index.php?rest_route=\/wp\/v2\/users\/31"}],"replies":[{"embeddable":true,"href":"https:\/\/archive.sana.sy\/es\/index.php?rest_route=%2Fwp%2Fv2%2Fcomments&post=234766"}],"version-history":[{"count":0,"href":"https:\/\/archive.sana.sy\/es\/index.php?rest_route=\/wp\/v2\/posts\/234766\/revisions"}],"wp:featuredmedia":[{"embeddable":true,"href":"https:\/\/archive.sana.sy\/es\/index.php?rest_route=\/wp\/v2\/media\/234769"}],"wp:attachment":[{"href":"https:\/\/archive.sana.sy\/es\/index.php?rest_route=%2Fwp%2Fv2%2Fmedia&parent=234766"}],"wp:term":[{"taxonomy":"category","embeddable":true,"href":"https:\/\/archive.sana.sy\/es\/index.php?rest_route=%2Fwp%2Fv2%2Fcategories&post=234766"},{"taxonomy":"post_tag","embeddable":true,"href":"https:\/\/archive.sana.sy\/es\/index.php?rest_route=%2Fwp%2Fv2%2Ftags&post=234766"}],"curies":[{"name":"wp","href":"https:\/\/api.w.org\/{rel}","templated":true}]}}