{"id":234837,"date":"2022-05-22T11:25:09","date_gmt":"2022-05-22T08:25:09","guid":{"rendered":"http:\/\/107.6.182.27\/es\/?p=234837"},"modified":"2022-05-22T11:25:09","modified_gmt":"2022-05-22T08:25:09","slug":"corresponsal-de-sana-bombardeos-turcos-con-artilleria-contra-los-poblados-de-tel-tamer-y-abu-rasen-en-el-nordeste-de-la-provincia-de-hasakeh-y-la-planta-electrica-de-tel-temer-sufrio-danos-a-consecu","status":"publish","type":"post","link":"https:\/\/archive.sana.sy\/es\/?p=234837","title":{"rendered":"Corresponsal de SANA: Bombardeos turcos con artiller\u00eda contra los poblados de Tel Tamer y Abu Rasen en el nordeste de la provincia de Hasakeh, y la planta el\u00e9ctrica de Tel Temer sufri\u00f3 da\u00f1os a consecuencia de estas agresiones"},"content":{"rendered":"","protected":false},"excerpt":{"rendered":"","protected":false},"author":32,"featured_media":0,"comment_status":"closed","ping_status":"closed","sticky":false,"template":"","format":"standard","meta":{"footnotes":""},"categories":[596],"tags":[],"class_list":["post-234837","post","type-post","status-publish","format-standard","","category-urgente"],"_links":{"self":[{"href":"https:\/\/archive.sana.sy\/es\/index.php?rest_route=\/wp\/v2\/posts\/234837"}],"collection":[{"href":"https:\/\/archive.sana.sy\/es\/index.php?rest_route=\/wp\/v2\/posts"}],"about":[{"href":"https:\/\/archive.sana.sy\/es\/index.php?rest_route=\/wp\/v2\/types\/post"}],"author":[{"embeddable":true,"href":"https:\/\/archive.sana.sy\/es\/index.php?rest_route=\/wp\/v2\/users\/32"}],"replies":[{"embeddable":true,"href":"https:\/\/archive.sana.sy\/es\/index.php?rest_route=%2Fwp%2Fv2%2Fcomments&post=234837"}],"version-history":[{"count":0,"href":"https:\/\/archive.sana.sy\/es\/index.php?rest_route=\/wp\/v2\/posts\/234837\/revisions"}],"wp:attachment":[{"href":"https:\/\/archive.sana.sy\/es\/index.php?rest_route=%2Fwp%2Fv2%2Fmedia&parent=234837"}],"wp:term":[{"taxonomy":"category","embeddable":true,"href":"https:\/\/archive.sana.sy\/es\/index.php?rest_route=%2Fwp%2Fv2%2Fcategories&post=234837"},{"taxonomy":"post_tag","embeddable":true,"href":"https:\/\/archive.sana.sy\/es\/index.php?rest_route=%2Fwp%2Fv2%2Ftags&post=234837"}],"curies":[{"name":"wp","href":"https:\/\/api.w.org\/{rel}","templated":true}]}}