{"id":23498,"date":"2015-05-19T10:52:48","date_gmt":"2015-05-19T07:52:48","guid":{"rendered":"http:\/\/sana.sy\/es\/?p=23498"},"modified":"2015-05-19T10:52:48","modified_gmt":"2015-05-19T07:52:48","slug":"jaafari-irak-libera-una-guerra-para-salvaguardar-su-unidad","status":"publish","type":"post","link":"https:\/\/archive.sana.sy\/es\/?p=23498","title":{"rendered":"Jaafari: Irak libera una guerra para salvaguardar su unidad"},"content":{"rendered":"<div><span lang=\"ES-TRAD\" style=\"color: #ff0000\">Bagdad, SANA<\/span><\/div>\n<div><span lang=\"ES-TRAD\">\u00a0<\/span><\/div>\n<div><span lang=\"ES-TRAD\">El ministro de Exteriores iraqu\u00ed, Ibrahim al-Jaafari, destac\u00f3 la profundidad de las relaciones hist\u00f3ricas entre Irak e Ir\u00e1n, elogiando el apoyo de Teher\u00e1n a su pa\u00eds en enfrentar el riesgo de las organizaciones terroristas.<\/span><\/div>\n<div><span lang=\"ES-TRAD\">\u00a0<\/span><\/div>\n<div><span lang=\"ES-TRAD\">En una declaraci\u00f3n tras una reuni\u00f3n con el ministro iran\u00ed de Defensa, el general Hussein Dehghan, el canciller iraqu\u00ed dijo que &#8220;Irak est\u00e1 librando una guerra global contra terroristas que vinieron de m\u00e1s de 62 pa\u00edses, para preservar la unidad de Irak y proteger la regi\u00f3n y el mundo de la amenaza del terrorismo.<\/span><\/div>\n<div><span lang=\"ES-TRAD\">\u00a0<\/span><\/div>\n<div><span lang=\"ES-TRAD\">Por su parte, reiter\u00f3 el apoyo de su pa\u00eds a Irak, llamando a fortalecer las relaciones bilaterales entre los dos pa\u00edses en diversos campos.<\/span><\/div>\n<div><span lang=\"ES-TRAD\">\u00a0<\/span><\/div>\n<div><span lang=\"ES-TRAD\">Las fuerzas iraqu\u00edes est\u00e1n librando una guerra feroz contra la organizaci\u00f3n terrorista del Estado Isl\u00e1mico, en varias zonas de Irak.<\/span><\/div>\n<div class=\"yj6qo ajU\">\n<div id=\":132\" class=\"ajR\"><img decoding=\"async\" class=\"ajT\" src=\"https:\/\/ssl.gstatic.com\/ui\/v1\/icons\/mail\/images\/cleardot.gif\" alt=\"\" \/><\/div>\n<div class=\"ajR\"><span style=\"color: #00ccff\">Fady M., Hala B.<\/span><\/div>\n<\/div>\n","protected":false},"excerpt":{"rendered":"<p>Bagdad, SANA \u00a0 El ministro de Exteriores iraqu\u00ed, Ibrahim al-Jaafari, destac\u00f3 la profundidad de las relaciones hist\u00f3ricas entre Irak e Ir\u00e1n, elogiando el apoyo de Teher\u00e1n a su pa\u00eds en enfrentar el riesgo de las organizaciones terroristas. \u00a0 En una declaraci\u00f3n tras una reuni\u00f3n con el ministro iran\u00ed de Defensa, el general Hussein Dehghan, el &hellip;<\/p>\n","protected":false},"author":1,"featured_media":23499,"comment_status":"closed","ping_status":"closed","sticky":false,"template":"","format":"standard","meta":{"footnotes":""},"categories":[456,576],"tags":[5306],"class_list":["post-23498","post","type-post","status-publish","format-standard","has-post-thumbnail","","category-arabe-internacional-politica","category-noticias-politicas","tag-jaafari-irak-libera-una-guerra-para-salvaguardar-su-unidad"],"_links":{"self":[{"href":"https:\/\/archive.sana.sy\/es\/index.php?rest_route=\/wp\/v2\/posts\/23498"}],"collection":[{"href":"https:\/\/archive.sana.sy\/es\/index.php?rest_route=\/wp\/v2\/posts"}],"about":[{"href":"https:\/\/archive.sana.sy\/es\/index.php?rest_route=\/wp\/v2\/types\/post"}],"author":[{"embeddable":true,"href":"https:\/\/archive.sana.sy\/es\/index.php?rest_route=\/wp\/v2\/users\/1"}],"replies":[{"embeddable":true,"href":"https:\/\/archive.sana.sy\/es\/index.php?rest_route=%2Fwp%2Fv2%2Fcomments&post=23498"}],"version-history":[{"count":0,"href":"https:\/\/archive.sana.sy\/es\/index.php?rest_route=\/wp\/v2\/posts\/23498\/revisions"}],"wp:featuredmedia":[{"embeddable":true,"href":"https:\/\/archive.sana.sy\/es\/index.php?rest_route=\/wp\/v2\/media\/23499"}],"wp:attachment":[{"href":"https:\/\/archive.sana.sy\/es\/index.php?rest_route=%2Fwp%2Fv2%2Fmedia&parent=23498"}],"wp:term":[{"taxonomy":"category","embeddable":true,"href":"https:\/\/archive.sana.sy\/es\/index.php?rest_route=%2Fwp%2Fv2%2Fcategories&post=23498"},{"taxonomy":"post_tag","embeddable":true,"href":"https:\/\/archive.sana.sy\/es\/index.php?rest_route=%2Fwp%2Fv2%2Ftags&post=23498"}],"curies":[{"name":"wp","href":"https:\/\/api.w.org\/{rel}","templated":true}]}}