{"id":235004,"date":"2022-05-23T10:51:04","date_gmt":"2022-05-23T07:51:04","guid":{"rendered":"http:\/\/107.6.182.27\/es\/?p=235004"},"modified":"2023-01-10T16:18:27","modified_gmt":"2023-01-10T14:18:27","slug":"e-uu-intervendria-militarmente-en-defensa-de-taiwan-si-fuera-invadido-por-china-afirma-biden","status":"publish","type":"post","link":"https:\/\/archive.sana.sy\/es\/?p=235004","title":{"rendered":"E.UU. intervendr\u00eda militarmente en defensa de Taiw\u00e1n si fuera invadido por China, afirma Biden"},"content":{"rendered":"<blockquote>\n<p style=\"text-align: justify;\">Biden dijo que China &#8220;coquetea con el peligro&#8221;, en referencia a los supuestos planes para invadir la isla. La responsabilidad de proteger Taiw\u00e1n es &#8220;a\u00fan m\u00e1s fuerte&#8221;, despu\u00e9s de la operaci\u00f3n militar de Rusia en Ucrania, se\u00f1al\u00f3 el presidente estadounidense.<\/p>\n<\/blockquote>\n<p style=\"text-align: justify;\"><span style=\"color: #800000;\"><strong>Tokio, 23 may (SANA)<\/strong> <\/span>El presidente de EE.UU., Joe Biden, manifest\u00f3 disposici\u00f3n a usar la fuerza para defender Taiw\u00e1n, as\u00ed como el apoyo de Washington a otras naciones ante una posible amenaza por parte de China.<\/p>\n<p style=\"text-align: justify;\">&#8220;Estuvimos de acuerdo con la pol\u00edtica de una sola China y la firmamos. Pero la idea de que puede tomarse por la fuerza, sencillamente, no es apropiada&#8221;, dijo el inquilino de la Casa Blanca, citado por RT, durante una rueda de prensa en Tokio.<\/p>\n<p style=\"text-align: justify;\">Al mismo tiempo que subray\u00f3 que su pa\u00eds responder\u00e1 militarmente en caso de que Pek\u00edn invada Taiw\u00e1n.<\/p>\n<p style=\"text-align: justify;\">Asimismo, Biden dijo que China &#8220;coquetea con el peligro&#8221;, en referencia a los supuestos planes para invadir la isla. La responsabilidad de proteger Taiw\u00e1n es &#8220;a\u00fan m\u00e1s fuerte&#8221;, despu\u00e9s de la operaci\u00f3n militar de Rusia en Ucrania, se\u00f1al\u00f3 el presidente estadounidense.<\/p>\n<p style=\"text-align: justify;\"><em><strong>fm\/ws<\/strong><\/em><\/p>\n","protected":false},"excerpt":{"rendered":"<p>Biden dijo que China &#8220;coquetea con el peligro&#8221;, en referencia a los supuestos planes para invadir la isla. La responsabilidad de proteger Taiw\u00e1n es &#8220;a\u00fan m\u00e1s fuerte&#8221;, despu\u00e9s de la operaci\u00f3n militar de Rusia en Ucrania, se\u00f1al\u00f3 el presidente estadounidense. Tokio, 23 may (SANA) El presidente de EE.UU., Joe Biden, manifest\u00f3 disposici\u00f3n a usar la &hellip;<\/p>\n","protected":false},"author":35,"featured_media":235005,"comment_status":"closed","ping_status":"closed","sticky":false,"template":"","format":"standard","meta":{"footnotes":""},"categories":[597,456,457,7541],"tags":[],"class_list":["post-235004","post","type-post","status-publish","format-standard","has-post-thumbnail","","category-cinta-de-noticias","category-arabe-internacional-politica","category-noticias-arabe-internacional-politica","category-ultimas-noticias"],"_links":{"self":[{"href":"https:\/\/archive.sana.sy\/es\/index.php?rest_route=\/wp\/v2\/posts\/235004"}],"collection":[{"href":"https:\/\/archive.sana.sy\/es\/index.php?rest_route=\/wp\/v2\/posts"}],"about":[{"href":"https:\/\/archive.sana.sy\/es\/index.php?rest_route=\/wp\/v2\/types\/post"}],"author":[{"embeddable":true,"href":"https:\/\/archive.sana.sy\/es\/index.php?rest_route=\/wp\/v2\/users\/35"}],"replies":[{"embeddable":true,"href":"https:\/\/archive.sana.sy\/es\/index.php?rest_route=%2Fwp%2Fv2%2Fcomments&post=235004"}],"version-history":[{"count":0,"href":"https:\/\/archive.sana.sy\/es\/index.php?rest_route=\/wp\/v2\/posts\/235004\/revisions"}],"wp:featuredmedia":[{"embeddable":true,"href":"https:\/\/archive.sana.sy\/es\/index.php?rest_route=\/wp\/v2\/media\/235005"}],"wp:attachment":[{"href":"https:\/\/archive.sana.sy\/es\/index.php?rest_route=%2Fwp%2Fv2%2Fmedia&parent=235004"}],"wp:term":[{"taxonomy":"category","embeddable":true,"href":"https:\/\/archive.sana.sy\/es\/index.php?rest_route=%2Fwp%2Fv2%2Fcategories&post=235004"},{"taxonomy":"post_tag","embeddable":true,"href":"https:\/\/archive.sana.sy\/es\/index.php?rest_route=%2Fwp%2Fv2%2Ftags&post=235004"}],"curies":[{"name":"wp","href":"https:\/\/api.w.org\/{rel}","templated":true}]}}