{"id":235007,"date":"2022-05-23T11:09:33","date_gmt":"2022-05-23T08:09:33","guid":{"rendered":"http:\/\/107.6.182.27\/es\/?p=235007"},"modified":"2023-01-10T16:18:26","modified_gmt":"2023-01-10T14:18:26","slug":"11-palestinos-detenidos-en-nuevas-redadas-israelies-en-cisjordania","status":"publish","type":"post","link":"https:\/\/archive.sana.sy\/es\/?p=235007","title":{"rendered":"11 palestinos detenidos en nuevas redadas israel\u00edes en Cisjordania"},"content":{"rendered":"<p style=\"text-align: justify;\"><strong><span style=\"color: #800000;\">Jerusal\u00e9n ocupada, 23 may (SANA)\u00a0<\/span> <\/strong>Un palestino result\u00f3 herido y otros 11 fueron arrestados de forma arbitraria durante redadas perpetradas por las fuerzas del ocupante israel\u00ed en distintas partes de Cisjordania.<\/p>\n<p>Seg\u00fan divulgaron medios palestinos, las tropas sionistas asaltaron las aldeas al-Rumana y al-Zababda, donde abrieron fuego contra los residentes palestinos.<\/p>\n<p>Mientras tanto, los militares israel\u00edes entraron en varias localidades en de Ramallah, Bel\u00e9n y Naplusa, y detuvieron de manera arbitraria a 10 palestinos.<\/p>\n<p style=\"text-align: justify;\"><em><strong>ws\/fm<\/strong><\/em><\/p>\n","protected":false},"excerpt":{"rendered":"<p>Jerusal\u00e9n ocupada, 23 may (SANA)\u00a0 Un palestino result\u00f3 herido y otros 11 fueron arrestados de forma arbitraria durante redadas perpetradas por las fuerzas del ocupante israel\u00ed en distintas partes de Cisjordania. Seg\u00fan divulgaron medios palestinos, las tropas sionistas asaltaron las aldeas al-Rumana y al-Zababda, donde abrieron fuego contra los residentes palestinos. Mientras tanto, los militares &hellip;<\/p>\n","protected":false},"author":35,"featured_media":235008,"comment_status":"closed","ping_status":"closed","sticky":false,"template":"","format":"standard","meta":{"footnotes":""},"categories":[597,456,457,7541],"tags":[],"class_list":["post-235007","post","type-post","status-publish","format-standard","has-post-thumbnail","","category-cinta-de-noticias","category-arabe-internacional-politica","category-noticias-arabe-internacional-politica","category-ultimas-noticias"],"_links":{"self":[{"href":"https:\/\/archive.sana.sy\/es\/index.php?rest_route=\/wp\/v2\/posts\/235007"}],"collection":[{"href":"https:\/\/archive.sana.sy\/es\/index.php?rest_route=\/wp\/v2\/posts"}],"about":[{"href":"https:\/\/archive.sana.sy\/es\/index.php?rest_route=\/wp\/v2\/types\/post"}],"author":[{"embeddable":true,"href":"https:\/\/archive.sana.sy\/es\/index.php?rest_route=\/wp\/v2\/users\/35"}],"replies":[{"embeddable":true,"href":"https:\/\/archive.sana.sy\/es\/index.php?rest_route=%2Fwp%2Fv2%2Fcomments&post=235007"}],"version-history":[{"count":0,"href":"https:\/\/archive.sana.sy\/es\/index.php?rest_route=\/wp\/v2\/posts\/235007\/revisions"}],"wp:featuredmedia":[{"embeddable":true,"href":"https:\/\/archive.sana.sy\/es\/index.php?rest_route=\/wp\/v2\/media\/235008"}],"wp:attachment":[{"href":"https:\/\/archive.sana.sy\/es\/index.php?rest_route=%2Fwp%2Fv2%2Fmedia&parent=235007"}],"wp:term":[{"taxonomy":"category","embeddable":true,"href":"https:\/\/archive.sana.sy\/es\/index.php?rest_route=%2Fwp%2Fv2%2Fcategories&post=235007"},{"taxonomy":"post_tag","embeddable":true,"href":"https:\/\/archive.sana.sy\/es\/index.php?rest_route=%2Fwp%2Fv2%2Ftags&post=235007"}],"curies":[{"name":"wp","href":"https:\/\/api.w.org\/{rel}","templated":true}]}}