{"id":23502,"date":"2015-05-19T12:01:58","date_gmt":"2015-05-19T09:01:58","guid":{"rendered":"http:\/\/sana.sy\/es\/?p=23502"},"modified":"2015-05-19T12:01:58","modified_gmt":"2015-05-19T09:01:58","slug":"abbott-los-terroristas-retornados-de-siria-e-irak-seran-procesados","status":"publish","type":"post","link":"https:\/\/archive.sana.sy\/es\/?p=23502","title":{"rendered":"Abbott: los terroristas retornados de Siria e Irak ser\u00e1n procesados"},"content":{"rendered":"<div><\/div>\n<div><span style=\"color: #ff0000\"><span lang=\"ES-TRAD\">\u00a0<\/span><span lang=\"ES-TRAD\">S\u00eddney, SANA<\/span><\/span><\/div>\n<div><span lang=\"ES-TRAD\">\u00a0<\/span><\/div>\n<div><span lang=\"ES-TRAD\">El primer ministro australiano, Tony Abbott, afirm\u00f3 este martes que los terroristas retornados a Australia desde Siria e Irak, ser\u00e1n procesados y encarcelados, y no ser\u00e1n perdonados.<\/span><\/div>\n<div><span lang=\"ES-TRAD\">\u00a0<\/span><\/div>\n<div><span lang=\"ES-TRAD\">Abbott declar\u00f3 a los periodistas que cualquiera que va al extranjero violando la legislaci\u00f3n australiana, para matar a los inocentes en nombre del fanatismo religioso, es dif\u00edcil que sea acogido de nuevo en caso de su regreso.<\/span><\/div>\n<div><span lang=\"ES-TRAD\">\u00a0<\/span><\/div>\n<div><span lang=\"ES-TRAD\">Ante el parlamento, el Primer Ministro australiano revel\u00f3 que al menos 70 australianos est\u00e1n luchando en Irak y Siria, con el apoyo de alrededor de 100 mediadores en Australia.<\/span><\/div>\n<div><span lang=\"ES-TRAD\">\u00a0<\/span><\/div>\n<div><span lang=\"ES-TRAD\">Las ciudades australianas viven un estado de m\u00e1xima alerta por temor a ataques que podr\u00edan perpetrar los extremistas que regresan de Oriente Medio.<\/span><\/div>\n<div><\/div>\n<div><span style=\"color: #00ccff\">Fady M., Hala B.<\/span><\/div>\n<div class=\"yj6qo ajU\">\n<div id=\":115\" class=\"ajR\"><img decoding=\"async\" class=\"ajT\" src=\"https:\/\/ssl.gstatic.com\/ui\/v1\/icons\/mail\/images\/cleardot.gif\" alt=\"\" \/><\/div>\n<\/div>\n","protected":false},"excerpt":{"rendered":"<p>\u00a0S\u00eddney, SANA \u00a0 El primer ministro australiano, Tony Abbott, afirm\u00f3 este martes que los terroristas retornados a Australia desde Siria e Irak, ser\u00e1n procesados y encarcelados, y no ser\u00e1n perdonados. \u00a0 Abbott declar\u00f3 a los periodistas que cualquiera que va al extranjero violando la legislaci\u00f3n australiana, para matar a los inocentes en nombre del fanatismo &hellip;<\/p>\n","protected":false},"author":1,"featured_media":23503,"comment_status":"closed","ping_status":"closed","sticky":false,"template":"","format":"standard","meta":{"footnotes":""},"categories":[456,576],"tags":[5307],"class_list":["post-23502","post","type-post","status-publish","format-standard","has-post-thumbnail","","category-arabe-internacional-politica","category-noticias-politicas","tag-abbott-los-terroristas-retornados-de-siria-e-irak-seran-procesados"],"_links":{"self":[{"href":"https:\/\/archive.sana.sy\/es\/index.php?rest_route=\/wp\/v2\/posts\/23502"}],"collection":[{"href":"https:\/\/archive.sana.sy\/es\/index.php?rest_route=\/wp\/v2\/posts"}],"about":[{"href":"https:\/\/archive.sana.sy\/es\/index.php?rest_route=\/wp\/v2\/types\/post"}],"author":[{"embeddable":true,"href":"https:\/\/archive.sana.sy\/es\/index.php?rest_route=\/wp\/v2\/users\/1"}],"replies":[{"embeddable":true,"href":"https:\/\/archive.sana.sy\/es\/index.php?rest_route=%2Fwp%2Fv2%2Fcomments&post=23502"}],"version-history":[{"count":0,"href":"https:\/\/archive.sana.sy\/es\/index.php?rest_route=\/wp\/v2\/posts\/23502\/revisions"}],"wp:featuredmedia":[{"embeddable":true,"href":"https:\/\/archive.sana.sy\/es\/index.php?rest_route=\/wp\/v2\/media\/23503"}],"wp:attachment":[{"href":"https:\/\/archive.sana.sy\/es\/index.php?rest_route=%2Fwp%2Fv2%2Fmedia&parent=23502"}],"wp:term":[{"taxonomy":"category","embeddable":true,"href":"https:\/\/archive.sana.sy\/es\/index.php?rest_route=%2Fwp%2Fv2%2Fcategories&post=23502"},{"taxonomy":"post_tag","embeddable":true,"href":"https:\/\/archive.sana.sy\/es\/index.php?rest_route=%2Fwp%2Fv2%2Ftags&post=23502"}],"curies":[{"name":"wp","href":"https:\/\/api.w.org\/{rel}","templated":true}]}}