{"id":235037,"date":"2022-05-23T12:34:11","date_gmt":"2022-05-23T09:34:11","guid":{"rendered":"http:\/\/107.6.182.27\/es\/?p=235037"},"modified":"2023-01-10T16:18:26","modified_gmt":"2023-01-10T14:18:26","slug":"nadie-debe-subestimar-la-gran-capacidad-del-pueblo-chino-de-defender-su-soberania-responde-pekin-a-biden","status":"publish","type":"post","link":"https:\/\/archive.sana.sy\/es\/?p=235037","title":{"rendered":"&#8220;Nadie debe subestimar la gran capacidad del pueblo chino de defender su soberan\u00eda&#8221;, responde Pek\u00edn a Biden"},"content":{"rendered":"<p style=\"text-align: justify;\"><span style=\"color: #800000;\"><strong>Pek\u00edn, 23 may (SANA)\u00a0<\/strong><\/span> El portavoz del Ministerio de Exteriores de China, Wang Wenbin, llam\u00f3 a Washington a tener cuidado con sus declaraciones y acciones respecto a Taiw\u00e1n.<\/p>\n<p style=\"text-align: justify;\">&#8220;Llamamos a la parte estadounidense a respetar sinceramente el principio de &#8220;Una sola China&#8221; y los tres comunicados conjuntos chino-estadounidenses, a cumplir sus obligaciones de no apoyar la independencia de Taiw\u00e1n, a tener cuidado con sus declaraciones y acciones sobre el tema de Taiw\u00e1n y a no enviar se\u00f1ales err\u00f3neas a las fuerzas separatistas en Taiw\u00e1n&#8221;, dijo el vocero a los periodistas, citado por la agencia Sputnik .<\/p>\n<p style=\"text-align: justify;\">Wang subray\u00f3 que Pek\u00edn adoptar\u00e1 &#8220;medidas decididas para defender su soberan\u00eda e intereses de seguridad&#8221;.<\/p>\n<p style=\"text-align: justify;\">El presidente de Estados Unidos, Joe Biden, respondi\u00f3 afirmativamente a la pregunta de una periodista de si implicar\u00eda a su pa\u00eds en un conflicto armado para proteger a Taiw\u00e1n.<\/p>\n<p style=\"text-align: justify;\">&#8220;Nadie debe subestimar la firme determinaci\u00f3n, la firme voluntad y la gran capacidad del pueblo chino para defender la soberan\u00eda nacional y la integridad territorial&#8221;, respondi\u00f3 Wang Wenbin.<\/p>\n<p style=\"text-align: justify;\"><em><strong>fm\/ws<\/strong><\/em><\/p>\n","protected":false},"excerpt":{"rendered":"<p>Pek\u00edn, 23 may (SANA)\u00a0 El portavoz del Ministerio de Exteriores de China, Wang Wenbin, llam\u00f3 a Washington a tener cuidado con sus declaraciones y acciones respecto a Taiw\u00e1n. &#8220;Llamamos a la parte estadounidense a respetar sinceramente el principio de &#8220;Una sola China&#8221; y los tres comunicados conjuntos chino-estadounidenses, a cumplir sus obligaciones de no apoyar &hellip;<\/p>\n","protected":false},"author":35,"featured_media":235040,"comment_status":"closed","ping_status":"closed","sticky":false,"template":"","format":"standard","meta":{"footnotes":""},"categories":[597,456,457,583],"tags":[],"class_list":["post-235037","post","type-post","status-publish","format-standard","has-post-thumbnail","","category-cinta-de-noticias","category-arabe-internacional-politica","category-noticias-arabe-internacional-politica","category-slide"],"_links":{"self":[{"href":"https:\/\/archive.sana.sy\/es\/index.php?rest_route=\/wp\/v2\/posts\/235037"}],"collection":[{"href":"https:\/\/archive.sana.sy\/es\/index.php?rest_route=\/wp\/v2\/posts"}],"about":[{"href":"https:\/\/archive.sana.sy\/es\/index.php?rest_route=\/wp\/v2\/types\/post"}],"author":[{"embeddable":true,"href":"https:\/\/archive.sana.sy\/es\/index.php?rest_route=\/wp\/v2\/users\/35"}],"replies":[{"embeddable":true,"href":"https:\/\/archive.sana.sy\/es\/index.php?rest_route=%2Fwp%2Fv2%2Fcomments&post=235037"}],"version-history":[{"count":0,"href":"https:\/\/archive.sana.sy\/es\/index.php?rest_route=\/wp\/v2\/posts\/235037\/revisions"}],"wp:featuredmedia":[{"embeddable":true,"href":"https:\/\/archive.sana.sy\/es\/index.php?rest_route=\/wp\/v2\/media\/235040"}],"wp:attachment":[{"href":"https:\/\/archive.sana.sy\/es\/index.php?rest_route=%2Fwp%2Fv2%2Fmedia&parent=235037"}],"wp:term":[{"taxonomy":"category","embeddable":true,"href":"https:\/\/archive.sana.sy\/es\/index.php?rest_route=%2Fwp%2Fv2%2Fcategories&post=235037"},{"taxonomy":"post_tag","embeddable":true,"href":"https:\/\/archive.sana.sy\/es\/index.php?rest_route=%2Fwp%2Fv2%2Ftags&post=235037"}],"curies":[{"name":"wp","href":"https:\/\/api.w.org\/{rel}","templated":true}]}}