{"id":235060,"date":"2022-05-23T15:21:44","date_gmt":"2022-05-23T12:21:44","guid":{"rendered":"http:\/\/107.6.182.27\/es\/?p=235060"},"modified":"2023-01-10T16:18:25","modified_gmt":"2023-01-10T14:18:25","slug":"la-ocupacion-israeli-arresto-a-1-228-palestinos-incluidos-165-ninos-durante-el-pasado-mes-de-abril","status":"publish","type":"post","link":"https:\/\/archive.sana.sy\/es\/?p=235060","title":{"rendered":"El ocupante israel\u00ed arrest\u00f3 a 1.228 palestinos, incluidos 165 ni\u00f1os, durante el pasado mes de abril"},"content":{"rendered":"<p style=\"text-align: justify;\"><span style=\"color: #800000;\"><strong>Jerusal\u00e9n ocupada, 23 may (SANA)<\/strong><\/span> Las fuerzas de ocupaci\u00f3n israel\u00edes arrestaron a 1.228 palestinos, la mayor\u00eda de ellos de la ciudad ocupada de Jerusal\u00e9n, durante el pasado mes de abril.<\/p>\n<p style=\"text-align: justify;\">Las instituciones de prisioneros (la Comisi\u00f3n para Asuntos de Detenidos y Ex-Prisioneros, el Club de Prisioneros Palestinos, la Fundaci\u00f3n Ad Dameer y el Centro de Informaci\u00f3n de Jerusal\u00e9n Wadi Hilweh).<\/p>\n<p style=\"text-align: justify;\">\u201cLa ocupaci\u00f3n arrest\u00f3 a 1.228 palestinos, incluidos 793 habitantes de Jerusal\u00e9n, 165 ni\u00f1os y 11 mujeres\u201d, detallaron instituciones que se ocupan de asuntos de los prisioneros palestinos, a saber, prisioneros (la Comisi\u00f3n para Asuntos de Detenidos y Ex-Prisioneros, el Club de Prisioneros Palestinos, la Fundaci\u00f3n Addameer y el Centro de Informaci\u00f3n de Jerusal\u00e9n Wadi Hilweh).<\/p>\n<p style=\"text-align: justify;\">Asimismo, destacaron que esta es la cifra m\u00e1s alta de arrestos desde principios de este a\u00f1o.<\/p>\n<p style=\"text-align: justify;\">Seg\u00fan las mismas instituciones, durante las campa\u00f1as de arresto, las fuerzas de ocupaci\u00f3n cometieron graves violaciones, ya que varios presos fueron baleados y algunos de ellos resultaron gravemente heridos, y las casas de sus familias fueron destrozadas o destruidas.<\/p>\n<p style=\"text-align: justify;\">En el mismo contexto, se\u00f1alaron que el n\u00famero de prisioneros palestinos en los campos de detenci\u00f3n de la ocupaci\u00f3n lleg\u00f3 a 4700 hasta fines de abril, incluidos 170 ni\u00f1os y 32 prisioneras.<\/p>\n<p>&nbsp;<\/p>\n<p>mm<\/p>\n","protected":false},"excerpt":{"rendered":"<p>Jerusal\u00e9n ocupada, 23 may (SANA) Las fuerzas de ocupaci\u00f3n israel\u00edes arrestaron a 1.228 palestinos, la mayor\u00eda de ellos de la ciudad ocupada de Jerusal\u00e9n, durante el pasado mes de abril. Las instituciones de prisioneros (la Comisi\u00f3n para Asuntos de Detenidos y Ex-Prisioneros, el Club de Prisioneros Palestinos, la Fundaci\u00f3n Ad Dameer y el Centro de &hellip;<\/p>\n","protected":false},"author":36,"featured_media":235061,"comment_status":"closed","ping_status":"closed","sticky":false,"template":"","format":"standard","meta":{"footnotes":""},"categories":[597,456,457],"tags":[],"class_list":["post-235060","post","type-post","status-publish","format-standard","has-post-thumbnail","","category-cinta-de-noticias","category-arabe-internacional-politica","category-noticias-arabe-internacional-politica"],"_links":{"self":[{"href":"https:\/\/archive.sana.sy\/es\/index.php?rest_route=\/wp\/v2\/posts\/235060"}],"collection":[{"href":"https:\/\/archive.sana.sy\/es\/index.php?rest_route=\/wp\/v2\/posts"}],"about":[{"href":"https:\/\/archive.sana.sy\/es\/index.php?rest_route=\/wp\/v2\/types\/post"}],"author":[{"embeddable":true,"href":"https:\/\/archive.sana.sy\/es\/index.php?rest_route=\/wp\/v2\/users\/36"}],"replies":[{"embeddable":true,"href":"https:\/\/archive.sana.sy\/es\/index.php?rest_route=%2Fwp%2Fv2%2Fcomments&post=235060"}],"version-history":[{"count":0,"href":"https:\/\/archive.sana.sy\/es\/index.php?rest_route=\/wp\/v2\/posts\/235060\/revisions"}],"wp:featuredmedia":[{"embeddable":true,"href":"https:\/\/archive.sana.sy\/es\/index.php?rest_route=\/wp\/v2\/media\/235061"}],"wp:attachment":[{"href":"https:\/\/archive.sana.sy\/es\/index.php?rest_route=%2Fwp%2Fv2%2Fmedia&parent=235060"}],"wp:term":[{"taxonomy":"category","embeddable":true,"href":"https:\/\/archive.sana.sy\/es\/index.php?rest_route=%2Fwp%2Fv2%2Fcategories&post=235060"},{"taxonomy":"post_tag","embeddable":true,"href":"https:\/\/archive.sana.sy\/es\/index.php?rest_route=%2Fwp%2Fv2%2Ftags&post=235060"}],"curies":[{"name":"wp","href":"https:\/\/api.w.org\/{rel}","templated":true}]}}