{"id":235067,"date":"2022-05-23T16:06:07","date_gmt":"2022-05-23T13:06:07","guid":{"rendered":"http:\/\/107.6.182.27\/es\/?p=235067"},"modified":"2023-01-10T16:18:25","modified_gmt":"2023-01-10T14:18:25","slug":"siete-combatientes-nazis-ucranianos-se-rinden-en-la-republica-popular-de-lugansk","status":"publish","type":"post","link":"https:\/\/archive.sana.sy\/es\/?p=235067","title":{"rendered":"Siete combatientes nazis ucranianos se rinden en la Rep\u00fablica Popular de Lugansk"},"content":{"rendered":"<p style=\"text-align: justify;\"><span style=\"color: #800000;\"><strong>Lugansk, 23 may (SANA)<\/strong><\/span> Al menos 7 elementos del batall\u00f3n nazista del Donbass entregaron sus armas a las fuerzas de la Rep\u00fablica Popular de Lugansk.<\/p>\n<p style=\"text-align: justify;\">De acuerdo con la agencia rusa de noticias RIA Novosti, el l\u00edder extremista del batall\u00f3n, Yuri Zakopts, nacido en 1996, depuso las armas y se rindi\u00f3, junto con el resto de los miembros del batall\u00f3n.<\/p>\n<p style=\"text-align: justify;\">El viernes pasado, el ministro de Defensa ruso, Sergei Shoigu, revel\u00f3 que unos 2.500 extremistas nazis sitiados en la planta de Azovstal en la ciudad ucraniana de Mariupol se hab\u00edan rendido.<\/p>\n<p>mm<\/p>\n","protected":false},"excerpt":{"rendered":"<p>Lugansk, 23 may (SANA) Al menos 7 elementos del batall\u00f3n nazista del Donbass entregaron sus armas a las fuerzas de la Rep\u00fablica Popular de Lugansk. De acuerdo con la agencia rusa de noticias RIA Novosti, el l\u00edder extremista del batall\u00f3n, Yuri Zakopts, nacido en 1996, depuso las armas y se rindi\u00f3, junto con el resto &hellip;<\/p>\n","protected":false},"author":36,"featured_media":235068,"comment_status":"closed","ping_status":"closed","sticky":false,"template":"","format":"standard","meta":{"footnotes":""},"categories":[597,456,457],"tags":[],"class_list":["post-235067","post","type-post","status-publish","format-standard","has-post-thumbnail","","category-cinta-de-noticias","category-arabe-internacional-politica","category-noticias-arabe-internacional-politica"],"_links":{"self":[{"href":"https:\/\/archive.sana.sy\/es\/index.php?rest_route=\/wp\/v2\/posts\/235067"}],"collection":[{"href":"https:\/\/archive.sana.sy\/es\/index.php?rest_route=\/wp\/v2\/posts"}],"about":[{"href":"https:\/\/archive.sana.sy\/es\/index.php?rest_route=\/wp\/v2\/types\/post"}],"author":[{"embeddable":true,"href":"https:\/\/archive.sana.sy\/es\/index.php?rest_route=\/wp\/v2\/users\/36"}],"replies":[{"embeddable":true,"href":"https:\/\/archive.sana.sy\/es\/index.php?rest_route=%2Fwp%2Fv2%2Fcomments&post=235067"}],"version-history":[{"count":0,"href":"https:\/\/archive.sana.sy\/es\/index.php?rest_route=\/wp\/v2\/posts\/235067\/revisions"}],"wp:featuredmedia":[{"embeddable":true,"href":"https:\/\/archive.sana.sy\/es\/index.php?rest_route=\/wp\/v2\/media\/235068"}],"wp:attachment":[{"href":"https:\/\/archive.sana.sy\/es\/index.php?rest_route=%2Fwp%2Fv2%2Fmedia&parent=235067"}],"wp:term":[{"taxonomy":"category","embeddable":true,"href":"https:\/\/archive.sana.sy\/es\/index.php?rest_route=%2Fwp%2Fv2%2Fcategories&post=235067"},{"taxonomy":"post_tag","embeddable":true,"href":"https:\/\/archive.sana.sy\/es\/index.php?rest_route=%2Fwp%2Fv2%2Ftags&post=235067"}],"curies":[{"name":"wp","href":"https:\/\/api.w.org\/{rel}","templated":true}]}}