{"id":235070,"date":"2022-05-23T16:42:00","date_gmt":"2022-05-23T13:42:00","guid":{"rendered":"http:\/\/107.6.182.27\/es\/?p=235070"},"modified":"2023-01-10T16:18:25","modified_gmt":"2023-01-10T14:18:25","slug":"naryshkin-la-mayor-parte-de-los-paises-latinoamericanos-rechazan-las-sanciones-occidentales-contra-rusia","status":"publish","type":"post","link":"https:\/\/archive.sana.sy\/es\/?p=235070","title":{"rendered":"Naryshkin: La mayor parte de los pa\u00edses latinoamericanos rechazan las sanciones occidentales contra Rusia"},"content":{"rendered":"<p style=\"text-align: justify;\"><strong><span style=\"color: #800000;\">Mosc\u00fa, 23 may (SANA)<\/span><\/strong> El jefe del Servicio de Inteligencia Extranjera, Sergei Naryshkin, revel\u00f3 este lunes que la mayor parte de los pa\u00edses latinoamericanos rechazan exigencias de la administraci\u00f3n estadounidense de sumarse a las sanciones occidentales contra Rusia.<\/p>\n<p style=\"text-align: justify;\">&#8220;De acuerdo con las informaciones recibidas por nuestro servicio, la mayor\u00eda de los pa\u00edses latinoamericanos muestran su falta de voluntad para cumplir incondicionalmente con las demandas de la administraci\u00f3n del presidente estadounidense Joe Biden de condenar la operaci\u00f3n militar especial rusa en Ucrania y unirse a las sanciones occidentales contra Rusia\u201d, inform\u00f3 la agencia rusa de prensa TASS, que cit\u00f3 a Naryshkin.<\/p>\n<p style=\"text-align: justify;\">Seg\u00fan agrega Naryshkin, el Departamento de Estado de EE.UU. se da cuenta de que los l\u00edderes latinoamericanos en el marco de los contactos bilaterales tienden a evitar discutir este tema.<\/p>\n<p>mm<\/p>\n<p>&nbsp;<\/p>\n","protected":false},"excerpt":{"rendered":"<p>Mosc\u00fa, 23 may (SANA) El jefe del Servicio de Inteligencia Extranjera, Sergei Naryshkin, revel\u00f3 este lunes que la mayor parte de los pa\u00edses latinoamericanos rechazan exigencias de la administraci\u00f3n estadounidense de sumarse a las sanciones occidentales contra Rusia. &#8220;De acuerdo con las informaciones recibidas por nuestro servicio, la mayor\u00eda de los pa\u00edses latinoamericanos muestran su &hellip;<\/p>\n","protected":false},"author":36,"featured_media":235071,"comment_status":"closed","ping_status":"closed","sticky":false,"template":"","format":"standard","meta":{"footnotes":""},"categories":[597,456,457],"tags":[],"class_list":["post-235070","post","type-post","status-publish","format-standard","has-post-thumbnail","","category-cinta-de-noticias","category-arabe-internacional-politica","category-noticias-arabe-internacional-politica"],"_links":{"self":[{"href":"https:\/\/archive.sana.sy\/es\/index.php?rest_route=\/wp\/v2\/posts\/235070"}],"collection":[{"href":"https:\/\/archive.sana.sy\/es\/index.php?rest_route=\/wp\/v2\/posts"}],"about":[{"href":"https:\/\/archive.sana.sy\/es\/index.php?rest_route=\/wp\/v2\/types\/post"}],"author":[{"embeddable":true,"href":"https:\/\/archive.sana.sy\/es\/index.php?rest_route=\/wp\/v2\/users\/36"}],"replies":[{"embeddable":true,"href":"https:\/\/archive.sana.sy\/es\/index.php?rest_route=%2Fwp%2Fv2%2Fcomments&post=235070"}],"version-history":[{"count":0,"href":"https:\/\/archive.sana.sy\/es\/index.php?rest_route=\/wp\/v2\/posts\/235070\/revisions"}],"wp:featuredmedia":[{"embeddable":true,"href":"https:\/\/archive.sana.sy\/es\/index.php?rest_route=\/wp\/v2\/media\/235071"}],"wp:attachment":[{"href":"https:\/\/archive.sana.sy\/es\/index.php?rest_route=%2Fwp%2Fv2%2Fmedia&parent=235070"}],"wp:term":[{"taxonomy":"category","embeddable":true,"href":"https:\/\/archive.sana.sy\/es\/index.php?rest_route=%2Fwp%2Fv2%2Fcategories&post=235070"},{"taxonomy":"post_tag","embeddable":true,"href":"https:\/\/archive.sana.sy\/es\/index.php?rest_route=%2Fwp%2Fv2%2Ftags&post=235070"}],"curies":[{"name":"wp","href":"https:\/\/api.w.org\/{rel}","templated":true}]}}