{"id":235073,"date":"2022-05-23T18:21:06","date_gmt":"2022-05-23T15:21:06","guid":{"rendered":"http:\/\/107.6.182.27\/es\/?p=235073"},"modified":"2022-05-23T18:21:06","modified_gmt":"2022-05-23T15:21:06","slug":"una-bronceada-para-siria-en-la-olimpiada-mundial-de-iiot-2022","status":"publish","type":"post","link":"https:\/\/archive.sana.sy\/es\/?p=235073","title":{"rendered":"Una bronceada para Siria en la Olimpiada Mundial de IIOT 2022"},"content":{"rendered":"<p style=\"text-align: justify;\"><strong>Damasco, 23 may (SANA) <\/strong>El equipo de la Escuela I de Alumnos Destacados en Homs conquist\u00f3 la medalla de bronce en la Olimpiada Internacional de Inform\u00e1tica en Equipos (IIOT 2022) organizada por Italia el 19 de mayo con la participaci\u00f3n de siete pa\u00edses de Europa, Asia y \u00c1frica.<\/p>\n<p style=\"text-align: justify;\">En una declaraci\u00f3n llagada a nuestra Redacci\u00f3n, la Corporaci\u00f3n de Excelencia y Creatividad dijo que el equipo de la Escuela I de Alumnos destacados en Homs esta integrado por cuatro estudiantes de los grados 12\u00ba, 11\u00ba y 10\u00ba preuniversitario.<\/p>\n<p style=\"text-align: justify;\">Esta es la primera participaci\u00f3n de Siria en dicha olimpiada que se realiza por quinto a\u00f1o consecutivo en Italia e incluy\u00f3 este a\u00f1o un examen de 3 horas seguidas para resolver 7 cuestiones de programaci\u00f3n.<\/p>\n<p style=\"text-align: justify;\"><em><strong>ah\/rsh<\/strong><\/em><\/p>\n","protected":false},"excerpt":{"rendered":"<p>Damasco, 23 may (SANA) El equipo de la Escuela I de Alumnos Destacados en Homs conquist\u00f3 la medalla de bronce en la Olimpiada Internacional de Inform\u00e1tica en Equipos (IIOT 2022) organizada por Italia el 19 de mayo con la participaci\u00f3n de siete pa\u00edses de Europa, Asia y \u00c1frica. En una declaraci\u00f3n llagada a nuestra Redacci\u00f3n, &hellip;<\/p>\n","protected":false},"author":30,"featured_media":235074,"comment_status":"closed","ping_status":"closed","sticky":false,"template":"","format":"standard","meta":{"footnotes":""},"categories":[597,467,7541],"tags":[],"class_list":["post-235073","post","type-post","status-publish","format-standard","has-post-thumbnail","","category-cinta-de-noticias","category-siria-y-el-mundo","category-ultimas-noticias"],"_links":{"self":[{"href":"https:\/\/archive.sana.sy\/es\/index.php?rest_route=\/wp\/v2\/posts\/235073"}],"collection":[{"href":"https:\/\/archive.sana.sy\/es\/index.php?rest_route=\/wp\/v2\/posts"}],"about":[{"href":"https:\/\/archive.sana.sy\/es\/index.php?rest_route=\/wp\/v2\/types\/post"}],"author":[{"embeddable":true,"href":"https:\/\/archive.sana.sy\/es\/index.php?rest_route=\/wp\/v2\/users\/30"}],"replies":[{"embeddable":true,"href":"https:\/\/archive.sana.sy\/es\/index.php?rest_route=%2Fwp%2Fv2%2Fcomments&post=235073"}],"version-history":[{"count":0,"href":"https:\/\/archive.sana.sy\/es\/index.php?rest_route=\/wp\/v2\/posts\/235073\/revisions"}],"wp:featuredmedia":[{"embeddable":true,"href":"https:\/\/archive.sana.sy\/es\/index.php?rest_route=\/wp\/v2\/media\/235074"}],"wp:attachment":[{"href":"https:\/\/archive.sana.sy\/es\/index.php?rest_route=%2Fwp%2Fv2%2Fmedia&parent=235073"}],"wp:term":[{"taxonomy":"category","embeddable":true,"href":"https:\/\/archive.sana.sy\/es\/index.php?rest_route=%2Fwp%2Fv2%2Fcategories&post=235073"},{"taxonomy":"post_tag","embeddable":true,"href":"https:\/\/archive.sana.sy\/es\/index.php?rest_route=%2Fwp%2Fv2%2Ftags&post=235073"}],"curies":[{"name":"wp","href":"https:\/\/api.w.org\/{rel}","templated":true}]}}