{"id":235079,"date":"2022-05-23T18:29:00","date_gmt":"2022-05-23T15:29:00","guid":{"rendered":"http:\/\/107.6.182.27\/es\/?p=235079"},"modified":"2023-01-10T16:18:25","modified_gmt":"2023-01-10T14:18:25","slug":"chizhov-los-europeos-se-aprovechan-egoistamente-de-las-reservas-ucranianas-de-cereales","status":"publish","type":"post","link":"https:\/\/archive.sana.sy\/es\/?p=235079","title":{"rendered":"Chizhov: Los europeos se aprovechan ego\u00edstamente de las reservas ucranianas de cereales"},"content":{"rendered":"<p style=\"text-align: justify;\"><strong>Bruselas, 23 may (SANA) <\/strong>El representante permanente de Rusia ante la Uni\u00f3n Europea, Vladimir Chizhov, adverti\u00f3 contra los esfuerzos de la Uni\u00f3n Europea para retirar las reservas de cereales de Ucrania sin prestar atenci\u00f3n al destino de los propios ucranianos.<\/p>\n<p style=\"text-align: justify;\">&#8220;La UE ahora est\u00e1 tomando todas las medidas para retirar las reservas de cereales de Ucrania y parece no pensar realmente en lo que la gente de este pa\u00eds comer\u00e1 la pr\u00f3xima temporada y lo que podr\u00edan sembrar&#8221;, dijo Chizov durante una entrevista con Russia 24.<\/p>\n<p style=\"text-align: justify;\">Consider\u00f3 que esto reflejaba el enfoque ego\u00edsta de la Uni\u00f3n Europea y de la colectividad occidental en conjunto.<\/p>\n<p style=\"text-align: justify;\">El presidente ruso, Vladimir Putin, hab\u00eda destacado anteriormente que el colapso que presencia el mercado del trigo se deb\u00eda a las sanciones y restricciones occidentales.<\/p>\n<p style=\"text-align: justify;\"><em><strong>ah\/rsh<\/strong><\/em><\/p>\n","protected":false},"excerpt":{"rendered":"<p>Bruselas, 23 may (SANA) El representante permanente de Rusia ante la Uni\u00f3n Europea, Vladimir Chizhov, adverti\u00f3 contra los esfuerzos de la Uni\u00f3n Europea para retirar las reservas de cereales de Ucrania sin prestar atenci\u00f3n al destino de los propios ucranianos. &#8220;La UE ahora est\u00e1 tomando todas las medidas para retirar las reservas de cereales de &hellip;<\/p>\n","protected":false},"author":30,"featured_media":235080,"comment_status":"closed","ping_status":"closed","sticky":false,"template":"","format":"standard","meta":{"footnotes":""},"categories":[597,456],"tags":[],"class_list":["post-235079","post","type-post","status-publish","format-standard","has-post-thumbnail","","category-cinta-de-noticias","category-arabe-internacional-politica"],"_links":{"self":[{"href":"https:\/\/archive.sana.sy\/es\/index.php?rest_route=\/wp\/v2\/posts\/235079"}],"collection":[{"href":"https:\/\/archive.sana.sy\/es\/index.php?rest_route=\/wp\/v2\/posts"}],"about":[{"href":"https:\/\/archive.sana.sy\/es\/index.php?rest_route=\/wp\/v2\/types\/post"}],"author":[{"embeddable":true,"href":"https:\/\/archive.sana.sy\/es\/index.php?rest_route=\/wp\/v2\/users\/30"}],"replies":[{"embeddable":true,"href":"https:\/\/archive.sana.sy\/es\/index.php?rest_route=%2Fwp%2Fv2%2Fcomments&post=235079"}],"version-history":[{"count":0,"href":"https:\/\/archive.sana.sy\/es\/index.php?rest_route=\/wp\/v2\/posts\/235079\/revisions"}],"wp:featuredmedia":[{"embeddable":true,"href":"https:\/\/archive.sana.sy\/es\/index.php?rest_route=\/wp\/v2\/media\/235080"}],"wp:attachment":[{"href":"https:\/\/archive.sana.sy\/es\/index.php?rest_route=%2Fwp%2Fv2%2Fmedia&parent=235079"}],"wp:term":[{"taxonomy":"category","embeddable":true,"href":"https:\/\/archive.sana.sy\/es\/index.php?rest_route=%2Fwp%2Fv2%2Fcategories&post=235079"},{"taxonomy":"post_tag","embeddable":true,"href":"https:\/\/archive.sana.sy\/es\/index.php?rest_route=%2Fwp%2Fv2%2Ftags&post=235079"}],"curies":[{"name":"wp","href":"https:\/\/api.w.org\/{rel}","templated":true}]}}