{"id":235082,"date":"2022-05-23T19:39:40","date_gmt":"2022-05-23T16:39:40","guid":{"rendered":"http:\/\/107.6.182.27\/es\/?p=235082"},"modified":"2022-05-23T20:36:57","modified_gmt":"2022-05-23T17:36:57","slug":"conversaciones-sirio-omanies-sobre-la-activacion-del-desempeno-cultural-conjunto","status":"publish","type":"post","link":"https:\/\/archive.sana.sy\/es\/?p=235082","title":{"rendered":"Conversaciones sirio-oman\u00edes sobre la activaci\u00f3n del desempe\u00f1o cultural conjunto"},"content":{"rendered":"<p style=\"text-align: justify;\"><span style=\"color: #800000;\"><strong>Mascate, 23 may (SANA) <\/strong><\/span>La Ministra de Cultura, Lubana Mushawah, examin\u00f3, durante una reuni\u00f3n con el Subsecretario del Ministerio de Cultura, Deportes y Juventud para Asuntos Culturales en Om\u00e1n, Saeed bin Sultan al-Busaidi , las v\u00edas de activar el trabajo cultural conjunto entre ambos pa\u00edses.<\/p>\n<p style=\"text-align: justify;\">Durante la reuni\u00f3n, que tuvo lugar en la sede del Ministerio de Cultura de Om\u00e1n, ambas partes intercambiaron puntos de vista y debatieron los campos culturales y las perspectivas de su desarrollo.<\/p>\n<p style=\"text-align: justify;\">Asimismo, enfatizaron la importancia de activar el memorando de entendimiento y modernizar el programa ejecutivo, en t\u00e9rminos de facilitar el intercambio de productos culturales en beneficio de los dos pueblos hermanos.<\/p>\n<p style=\"text-align: justify;\">Resaltaron la importancia del trabajo cultural que contribuya a la construcci\u00f3n de valores y al establecimiento de jornadas art\u00edsticas y teatrales.<\/p>\n<p style=\"text-align: justify;\">A la reuni\u00f3n asistieron el embajador sirio en Om\u00e1n, Idris Mia, el director general de la Direcci\u00f3n de Antig\u00fcedades y Museos, Nazir Awad, y el secretario general del Museo de Om\u00e1n, Jamal bin Hasan Al-Musawi.<\/p>\n<p style=\"text-align: justify;\"><em><strong>ah\/rsh<\/strong><\/em><\/p>\n","protected":false},"excerpt":{"rendered":"<p>Mascate, 23 may (SANA) La Ministra de Cultura, Lubana Mushawah, examin\u00f3, durante una reuni\u00f3n con el Subsecretario del Ministerio de Cultura, Deportes y Juventud para Asuntos Culturales en Om\u00e1n, Saeed bin Sultan al-Busaidi , las v\u00edas de activar el trabajo cultural conjunto entre ambos pa\u00edses. Durante la reuni\u00f3n, que tuvo lugar en la sede del &hellip;<\/p>\n","protected":false},"author":30,"featured_media":235083,"comment_status":"closed","ping_status":"closed","sticky":false,"template":"","format":"standard","meta":{"footnotes":""},"categories":[597,510,467,7541],"tags":[],"class_list":["post-235082","post","type-post","status-publish","format-standard","has-post-thumbnail","","category-cinta-de-noticias","category-arte-y-cultura","category-siria-y-el-mundo","category-ultimas-noticias"],"_links":{"self":[{"href":"https:\/\/archive.sana.sy\/es\/index.php?rest_route=\/wp\/v2\/posts\/235082"}],"collection":[{"href":"https:\/\/archive.sana.sy\/es\/index.php?rest_route=\/wp\/v2\/posts"}],"about":[{"href":"https:\/\/archive.sana.sy\/es\/index.php?rest_route=\/wp\/v2\/types\/post"}],"author":[{"embeddable":true,"href":"https:\/\/archive.sana.sy\/es\/index.php?rest_route=\/wp\/v2\/users\/30"}],"replies":[{"embeddable":true,"href":"https:\/\/archive.sana.sy\/es\/index.php?rest_route=%2Fwp%2Fv2%2Fcomments&post=235082"}],"version-history":[{"count":0,"href":"https:\/\/archive.sana.sy\/es\/index.php?rest_route=\/wp\/v2\/posts\/235082\/revisions"}],"wp:featuredmedia":[{"embeddable":true,"href":"https:\/\/archive.sana.sy\/es\/index.php?rest_route=\/wp\/v2\/media\/235083"}],"wp:attachment":[{"href":"https:\/\/archive.sana.sy\/es\/index.php?rest_route=%2Fwp%2Fv2%2Fmedia&parent=235082"}],"wp:term":[{"taxonomy":"category","embeddable":true,"href":"https:\/\/archive.sana.sy\/es\/index.php?rest_route=%2Fwp%2Fv2%2Fcategories&post=235082"},{"taxonomy":"post_tag","embeddable":true,"href":"https:\/\/archive.sana.sy\/es\/index.php?rest_route=%2Fwp%2Fv2%2Ftags&post=235082"}],"curies":[{"name":"wp","href":"https:\/\/api.w.org\/{rel}","templated":true}]}}