{"id":235089,"date":"2022-05-23T21:16:27","date_gmt":"2022-05-23T18:16:27","guid":{"rendered":"http:\/\/107.6.182.27\/es\/?p=235089"},"modified":"2022-05-23T21:16:27","modified_gmt":"2022-05-23T18:16:27","slug":"siria-y-serbia-examinan-consolidar-la-cooperacion-economica","status":"publish","type":"post","link":"https:\/\/archive.sana.sy\/es\/?p=235089","title":{"rendered":"Siria y Serbia examinan consolidar la cooperaci\u00f3n econ\u00f3mica"},"content":{"rendered":"<p style=\"text-align: justify;\"><span style=\"color: #800000;\"><strong>Belgrado, 23 may (SANA) <\/strong><\/span>El Ministro de Agricultura y Reforma Agraria, Mohamed Qatna, se reuni\u00f3 en Belgrado con el Viceministro de Exteriores de Serbia, Nemanja Starovi\u0107.<\/p>\n<p style=\"text-align: justify;\">La reuni\u00f3n se centr\u00f3 en torno a las relaciones de amistad y cooperaci\u00f3n entre Siria y Serbia y las v\u00edas de fortalecerlas en diversos campos.<\/p>\n<p style=\"text-align: justify;\">El funcionario serbio destac\u00f3 la profunda amistad de su pa\u00eds con Siria en diversos campos y su voluntad de fortalecer esas relaciones, expresando su admiraci\u00f3n por la civilizaci\u00f3n siria y la firmeza de su pueblo.<\/p>\n<p style=\"text-align: justify;\">Asimismo, Starovi\u0107 resalt\u00f3 la importancia del memorando de entendimiento firmado el s\u00e1bado pasado entre ambos pa\u00edses como parte de la visita del ministro Qatna a Serbia en t\u00e9rminos de promoci\u00f3n del comercio de productos agr\u00edcolas y la cooperaci\u00f3n cient\u00edfico-t\u00e9cnica entre los dos pa\u00edses amigos.<\/p>\n<p style=\"text-align: justify;\">Por su parte, Qatna explic\u00f3 que el objetivo de su visita a Serbia es fortalecer la cooperaci\u00f3n econ\u00f3mica y t\u00e9cnica en el campo agr\u00edcola, aumentar el comercio entre los dos pa\u00edses y asistir a la feria agr\u00edcola internacional que se celebra en la ciudad serbia de Novi Sad.<\/p>\n<p style=\"text-align: justify;\">Se\u00f1al\u00f3 que sus visitas a los centros de investigaci\u00f3n agr\u00edcola y centros cient\u00edficos, la firma del acuerdo bilateral y la visita a las c\u00e1maras de comercio y a la feria agr\u00edcola hab\u00edan tenido un impacto significativo ya que dejaron claro el importante progreso agr\u00edcola en Serbia.<\/p>\n<p style=\"text-align: justify;\">En un contexto relacionado, el Titular subray\u00f3 las distinguidas relaciones entre los dos pa\u00edses amigos, as\u00ed como elogi\u00f3 el apoyo de los pa\u00edses amigos de Siria durante los a\u00f1os de la injusta guerra en su contra.<\/p>\n<p style=\"text-align: justify;\">\u201cLas medidas econ\u00f3micas coercitivas unilaterales impuestas por Occidente contra Siria exacerbaron la situaci\u00f3n de vida del pueblo sirio debido a la negaci\u00f3n del acceso adecuado a los suministros de producci\u00f3n para proyectos agr\u00edcolas y el impacto en la seguridad alimentaria\u201d, concluy\u00f3.<\/p>\n<p style=\"text-align: justify;\"><em><strong>ah\/rsh<\/strong><\/em><\/p>\n","protected":false},"excerpt":{"rendered":"<p>Belgrado, 23 may (SANA) El Ministro de Agricultura y Reforma Agraria, Mohamed Qatna, se reuni\u00f3 en Belgrado con el Viceministro de Exteriores de Serbia, Nemanja Starovi\u0107. La reuni\u00f3n se centr\u00f3 en torno a las relaciones de amistad y cooperaci\u00f3n entre Siria y Serbia y las v\u00edas de fortalecerlas en diversos campos. El funcionario serbio destac\u00f3 &hellip;<\/p>\n","protected":false},"author":30,"featured_media":235090,"comment_status":"closed","ping_status":"closed","sticky":false,"template":"","format":"standard","meta":{"footnotes":""},"categories":[597,467,7541],"tags":[],"class_list":["post-235089","post","type-post","status-publish","format-standard","has-post-thumbnail","","category-cinta-de-noticias","category-siria-y-el-mundo","category-ultimas-noticias"],"_links":{"self":[{"href":"https:\/\/archive.sana.sy\/es\/index.php?rest_route=\/wp\/v2\/posts\/235089"}],"collection":[{"href":"https:\/\/archive.sana.sy\/es\/index.php?rest_route=\/wp\/v2\/posts"}],"about":[{"href":"https:\/\/archive.sana.sy\/es\/index.php?rest_route=\/wp\/v2\/types\/post"}],"author":[{"embeddable":true,"href":"https:\/\/archive.sana.sy\/es\/index.php?rest_route=\/wp\/v2\/users\/30"}],"replies":[{"embeddable":true,"href":"https:\/\/archive.sana.sy\/es\/index.php?rest_route=%2Fwp%2Fv2%2Fcomments&post=235089"}],"version-history":[{"count":0,"href":"https:\/\/archive.sana.sy\/es\/index.php?rest_route=\/wp\/v2\/posts\/235089\/revisions"}],"wp:featuredmedia":[{"embeddable":true,"href":"https:\/\/archive.sana.sy\/es\/index.php?rest_route=\/wp\/v2\/media\/235090"}],"wp:attachment":[{"href":"https:\/\/archive.sana.sy\/es\/index.php?rest_route=%2Fwp%2Fv2%2Fmedia&parent=235089"}],"wp:term":[{"taxonomy":"category","embeddable":true,"href":"https:\/\/archive.sana.sy\/es\/index.php?rest_route=%2Fwp%2Fv2%2Fcategories&post=235089"},{"taxonomy":"post_tag","embeddable":true,"href":"https:\/\/archive.sana.sy\/es\/index.php?rest_route=%2Fwp%2Fv2%2Ftags&post=235089"}],"curies":[{"name":"wp","href":"https:\/\/api.w.org\/{rel}","templated":true}]}}