{"id":235095,"date":"2022-05-23T21:35:25","date_gmt":"2022-05-23T18:35:25","guid":{"rendered":"http:\/\/107.6.182.27\/es\/?p=235095"},"modified":"2022-05-23T22:23:53","modified_gmt":"2022-05-23T19:23:53","slug":"continua-actividad-de-la-tormenta-de-arena-en-la-provincia-oriental-de-deir-ezzor-video","status":"publish","type":"post","link":"https:\/\/archive.sana.sy\/es\/?p=235095","title":{"rendered":"Contin\u00faa actividad de la tormenta de arena en la provincia oriental de Deir Ezzor (+Video)"},"content":{"rendered":"<p style=\"text-align: justify;\"><span style=\"color: #800000;\"><strong>Deir Ezzor, 23 may (SANA)<\/strong><\/span>Una fuerte tormenta de arena afecta por segundo d\u00eda la provincia oriental de Deir Ezzor donde la intensidad del viento cargado de arena redujo la visibilidad y caus\u00f3 asfixias a algunas personas que padecen de asma.<\/p>\n<p style=\"text-align: justify;\">\u201cTodos los equipos de emergencia y el personal de salud est\u00e1n movilizados y en m\u00e1xima alerta desde hace dos d\u00edas para atender cualquier emergencia m\u00e9dica o de otra \u00edndole\u201d, dijo el miembro de la oficina ejecutiva del ayuntamiento de Deir Ezzor, Rabie al-Orfi, a nuestro reportero.<\/p>\n<p style=\"text-align: justify;\">Por su parte, el director de Salud provincial, Bashar Al-Shuaibi, manifest\u00f3 que los hospitales y puntos m\u00e9dicos est\u00e1n movilizados para recibir a los pacientes con asma, adem\u00e1s de elevar la disponibilidad de las secciones de emergencia m\u00e9dica.<\/p>\n<p style=\"text-align: justify;\"><em><strong>ah\/rsh\/fm<\/strong><\/em><\/p>\n<p><iframe loading=\"lazy\" title=\"\u0639\u0648\u062f\u0629 \u0646\u0634\u0627\u0637 \u0627\u0644\u0639\u0627\u0635\u0641\u0629 \u0627\u0644\u063a\u0628\u0627\u0631\u064a\u0629 \u0641\u064a \u062f\u064a\u0631 \u0627\u0644\u0632\u0648\u0631\" width=\"618\" height=\"464\" src=\"https:\/\/www.youtube.com\/embed\/P1092vISWx0?feature=oembed\" frameborder=\"0\" allow=\"accelerometer; autoplay; clipboard-write; encrypted-media; gyroscope; picture-in-picture; web-share\" referrerpolicy=\"strict-origin-when-cross-origin\" allowfullscreen><\/iframe><\/p>\n","protected":false},"excerpt":{"rendered":"<p>Deir Ezzor, 23 may (SANA)Una fuerte tormenta de arena afecta por segundo d\u00eda la provincia oriental de Deir Ezzor donde la intensidad del viento cargado de arena redujo la visibilidad y caus\u00f3 asfixias a algunas personas que padecen de asma. \u201cTodos los equipos de emergencia y el personal de salud est\u00e1n movilizados y en m\u00e1xima &hellip;<\/p>\n","protected":false},"author":30,"featured_media":235105,"comment_status":"closed","ping_status":"closed","sticky":false,"template":"","format":"standard","meta":{"footnotes":""},"categories":[597,476,583],"tags":[],"class_list":["post-235095","post","type-post","status-publish","format-standard","has-post-thumbnail","","category-cinta-de-noticias","category-locales","category-slide"],"_links":{"self":[{"href":"https:\/\/archive.sana.sy\/es\/index.php?rest_route=\/wp\/v2\/posts\/235095"}],"collection":[{"href":"https:\/\/archive.sana.sy\/es\/index.php?rest_route=\/wp\/v2\/posts"}],"about":[{"href":"https:\/\/archive.sana.sy\/es\/index.php?rest_route=\/wp\/v2\/types\/post"}],"author":[{"embeddable":true,"href":"https:\/\/archive.sana.sy\/es\/index.php?rest_route=\/wp\/v2\/users\/30"}],"replies":[{"embeddable":true,"href":"https:\/\/archive.sana.sy\/es\/index.php?rest_route=%2Fwp%2Fv2%2Fcomments&post=235095"}],"version-history":[{"count":0,"href":"https:\/\/archive.sana.sy\/es\/index.php?rest_route=\/wp\/v2\/posts\/235095\/revisions"}],"wp:featuredmedia":[{"embeddable":true,"href":"https:\/\/archive.sana.sy\/es\/index.php?rest_route=\/wp\/v2\/media\/235105"}],"wp:attachment":[{"href":"https:\/\/archive.sana.sy\/es\/index.php?rest_route=%2Fwp%2Fv2%2Fmedia&parent=235095"}],"wp:term":[{"taxonomy":"category","embeddable":true,"href":"https:\/\/archive.sana.sy\/es\/index.php?rest_route=%2Fwp%2Fv2%2Fcategories&post=235095"},{"taxonomy":"post_tag","embeddable":true,"href":"https:\/\/archive.sana.sy\/es\/index.php?rest_route=%2Fwp%2Fv2%2Ftags&post=235095"}],"curies":[{"name":"wp","href":"https:\/\/api.w.org\/{rel}","templated":true}]}}