{"id":235104,"date":"2022-05-23T22:17:21","date_gmt":"2022-05-23T19:17:21","guid":{"rendered":"http:\/\/107.6.182.27\/es\/?p=235104"},"modified":"2023-01-10T16:18:25","modified_gmt":"2023-01-10T14:18:25","slug":"existencias-militares-de-la-ue-se-agota-debido-a-ucrania","status":"publish","type":"post","link":"https:\/\/archive.sana.sy\/es\/?p=235104","title":{"rendered":"Existencias militares de la UE se agota debido a Ucrania"},"content":{"rendered":"<blockquote><p><strong>De acuerdo con el jefe de la diplomacia europea, los pa\u00edses de la UE necesitan fuerzas armadas conjuntas modernas para que la uni\u00f3n pueda ser responsable de forma independiente de su seguridad.<\/strong><\/p><\/blockquote>\n<p style=\"text-align: justify;\"><span style=\"color: #800000;\"><strong>Bruselas, 23 may (SANA)<\/strong><\/span> El alto representante de la Uni\u00f3n Europea (UE) para Asuntos Exteriores y Pol\u00edtica de Seguridad, Josep Borrell, declar\u00f3 que la asistencia militar a Ucrania conllev\u00f3 al agotamiento de las reservas de armas del ente.<\/p>\n<p style=\"text-align: justify;\">La baja de las existencias como resultado del apoyo militar que brindamos a Ucrania es el ejemplo m\u00e1s obvio de nuestras debilidades, escribi\u00f3 Borrell en una publicaci\u00f3n de su blog, citada por la agencia Prensa Latina.<\/p>\n<p style=\"text-align: justify;\">De acuerdo con el jefe de la diplomacia europea, los pa\u00edses de la UE necesitan fuerzas armadas conjuntas modernas para que la uni\u00f3n pueda ser responsable de forma independiente de su seguridad.<\/p>\n<p style=\"text-align: justify;\">Borrell inst\u00f3 a los pa\u00edses no solo a aumentar el gasto en defensa, sino a hacerlo de manera concertada.<\/p>\n<p style=\"text-align: justify;\">Al mismo tiempo, Borrell explic\u00f3 que esto no significa la creaci\u00f3n de un ej\u00e9rcito europeo: cada pa\u00eds de la UE seguir\u00e1 teniendo sus propias fuerzas armadas.<\/p>\n<p style=\"text-align: justify;\"><em><strong>fm\/ah<\/strong><\/em><\/p>\n","protected":false},"excerpt":{"rendered":"<p>De acuerdo con el jefe de la diplomacia europea, los pa\u00edses de la UE necesitan fuerzas armadas conjuntas modernas para que la uni\u00f3n pueda ser responsable de forma independiente de su seguridad. Bruselas, 23 may (SANA) El alto representante de la Uni\u00f3n Europea (UE) para Asuntos Exteriores y Pol\u00edtica de Seguridad, Josep Borrell, declar\u00f3 que &hellip;<\/p>\n","protected":false},"author":30,"featured_media":235107,"comment_status":"closed","ping_status":"closed","sticky":false,"template":"","format":"standard","meta":{"footnotes":""},"categories":[597,456],"tags":[],"class_list":["post-235104","post","type-post","status-publish","format-standard","has-post-thumbnail","","category-cinta-de-noticias","category-arabe-internacional-politica"],"_links":{"self":[{"href":"https:\/\/archive.sana.sy\/es\/index.php?rest_route=\/wp\/v2\/posts\/235104"}],"collection":[{"href":"https:\/\/archive.sana.sy\/es\/index.php?rest_route=\/wp\/v2\/posts"}],"about":[{"href":"https:\/\/archive.sana.sy\/es\/index.php?rest_route=\/wp\/v2\/types\/post"}],"author":[{"embeddable":true,"href":"https:\/\/archive.sana.sy\/es\/index.php?rest_route=\/wp\/v2\/users\/30"}],"replies":[{"embeddable":true,"href":"https:\/\/archive.sana.sy\/es\/index.php?rest_route=%2Fwp%2Fv2%2Fcomments&post=235104"}],"version-history":[{"count":0,"href":"https:\/\/archive.sana.sy\/es\/index.php?rest_route=\/wp\/v2\/posts\/235104\/revisions"}],"wp:featuredmedia":[{"embeddable":true,"href":"https:\/\/archive.sana.sy\/es\/index.php?rest_route=\/wp\/v2\/media\/235107"}],"wp:attachment":[{"href":"https:\/\/archive.sana.sy\/es\/index.php?rest_route=%2Fwp%2Fv2%2Fmedia&parent=235104"}],"wp:term":[{"taxonomy":"category","embeddable":true,"href":"https:\/\/archive.sana.sy\/es\/index.php?rest_route=%2Fwp%2Fv2%2Fcategories&post=235104"},{"taxonomy":"post_tag","embeddable":true,"href":"https:\/\/archive.sana.sy\/es\/index.php?rest_route=%2Fwp%2Fv2%2Ftags&post=235104"}],"curies":[{"name":"wp","href":"https:\/\/api.w.org\/{rel}","templated":true}]}}