{"id":235109,"date":"2022-05-23T22:18:32","date_gmt":"2022-05-23T19:18:32","guid":{"rendered":"http:\/\/107.6.182.27\/es\/?p=235109"},"modified":"2023-01-10T16:18:24","modified_gmt":"2023-01-10T14:18:24","slug":"lukashenko-alerta-sobre-desmembramiento-de-ucrania-por-culpa-de-la-otan","status":"publish","type":"post","link":"https:\/\/archive.sana.sy\/es\/?p=235109","title":{"rendered":"Lukashenko alerta sobre desmembramiento de Ucrania por culpa de la OTAN"},"content":{"rendered":"<p style=\"text-align: justify;\"><span style=\"color: #800000;\"><strong>Mosc\u00fa, 23 may (SANA)<\/strong><\/span> El presidente belaruso, Alexandr Lukashenko, advirti\u00f3 que a su pa\u00eds le preocupa la intenci\u00f3n de los Estados miembros de la Organizaci\u00f3n del Tratado del Atl\u00e1ntico Norte (OTAN), sobre todo Polonia, de desmembrar Ucrania.<\/p>\n<p style=\"text-align: justify;\">\u201cNos preocupa que ellos, los polacos y los miembros de la OTAN, est\u00e9n listos para salir y llevarse, como antes de 1939, el oeste de Ucrania\u201d, dijo el mandatario en un encuentro con su hom\u00f3logo ruso, Vlad\u00edmir Putin, en la ciudad de Sochi, en el mar Negro.<\/p>\n<p style=\"text-align: justify;\">Se\u00f1al\u00f3, citado por la agencia Prensa Latina, que la alarma no es solo desde el punto de vista de la seguridad actual, sino porque, en su opini\u00f3n, puede ser una estrategia de ese bloque militar para la parte occidental de su pa\u00eds tambi\u00e9n.<\/p>\n<p style=\"text-align: justify;\">A mediados de marzo, Varsovia propuso enviar una misi\u00f3n de mantenimiento de la paz de la OTAN a las regiones occidentales de Ucrania, plan que rechaz\u00f3 la jefatura de la Alianza por considerar que podr\u00eda provocar un conflicto a gran escala con Rusia.<\/p>\n<p style=\"text-align: justify;\"><em><strong>fm\/ah<\/strong><\/em><\/p>\n","protected":false},"excerpt":{"rendered":"<p>Mosc\u00fa, 23 may (SANA) El presidente belaruso, Alexandr Lukashenko, advirti\u00f3 que a su pa\u00eds le preocupa la intenci\u00f3n de los Estados miembros de la Organizaci\u00f3n del Tratado del Atl\u00e1ntico Norte (OTAN), sobre todo Polonia, de desmembrar Ucrania. \u201cNos preocupa que ellos, los polacos y los miembros de la OTAN, est\u00e9n listos para salir y llevarse, &hellip;<\/p>\n","protected":false},"author":30,"featured_media":235110,"comment_status":"closed","ping_status":"closed","sticky":false,"template":"","format":"standard","meta":{"footnotes":""},"categories":[597,456],"tags":[],"class_list":["post-235109","post","type-post","status-publish","format-standard","has-post-thumbnail","","category-cinta-de-noticias","category-arabe-internacional-politica"],"_links":{"self":[{"href":"https:\/\/archive.sana.sy\/es\/index.php?rest_route=\/wp\/v2\/posts\/235109"}],"collection":[{"href":"https:\/\/archive.sana.sy\/es\/index.php?rest_route=\/wp\/v2\/posts"}],"about":[{"href":"https:\/\/archive.sana.sy\/es\/index.php?rest_route=\/wp\/v2\/types\/post"}],"author":[{"embeddable":true,"href":"https:\/\/archive.sana.sy\/es\/index.php?rest_route=\/wp\/v2\/users\/30"}],"replies":[{"embeddable":true,"href":"https:\/\/archive.sana.sy\/es\/index.php?rest_route=%2Fwp%2Fv2%2Fcomments&post=235109"}],"version-history":[{"count":0,"href":"https:\/\/archive.sana.sy\/es\/index.php?rest_route=\/wp\/v2\/posts\/235109\/revisions"}],"wp:featuredmedia":[{"embeddable":true,"href":"https:\/\/archive.sana.sy\/es\/index.php?rest_route=\/wp\/v2\/media\/235110"}],"wp:attachment":[{"href":"https:\/\/archive.sana.sy\/es\/index.php?rest_route=%2Fwp%2Fv2%2Fmedia&parent=235109"}],"wp:term":[{"taxonomy":"category","embeddable":true,"href":"https:\/\/archive.sana.sy\/es\/index.php?rest_route=%2Fwp%2Fv2%2Fcategories&post=235109"},{"taxonomy":"post_tag","embeddable":true,"href":"https:\/\/archive.sana.sy\/es\/index.php?rest_route=%2Fwp%2Fv2%2Ftags&post=235109"}],"curies":[{"name":"wp","href":"https:\/\/api.w.org\/{rel}","templated":true}]}}