{"id":235113,"date":"2022-05-24T06:21:12","date_gmt":"2022-05-24T03:21:12","guid":{"rendered":"http:\/\/107.6.182.27\/es\/?p=235113"},"modified":"2023-01-10T16:18:24","modified_gmt":"2023-01-10T14:18:24","slug":"lavrov-nuestra-cooperacion-economica-con-china-cobrara-nuevo-impulso","status":"publish","type":"post","link":"https:\/\/archive.sana.sy\/es\/?p=235113","title":{"rendered":"Lavrov: Nuestra cooperaci\u00f3n econ\u00f3mica con China cobrar\u00e1 nuevo impulso"},"content":{"rendered":"<p style=\"text-align: justify;\"><span style=\"color: #800000;\"><strong>Mosc\u00fa, 24 may (SANA)<\/strong><\/span> La cooperaci\u00f3n econ\u00f3mica entre Rusia y China cobrar\u00e1 impulso pronto tras la postura dictatorial de Occidente hacia Mosc\u00fa, dijo el ministro de Relaciones Exteriores de Rusia, Sergei Lavrov.<\/p>\n<p style=\"text-align: justify;\">Citado por agencia de noticias TASS, Lavrov dijo que Occidente asumi\u00f3 la posici\u00f3n de dictador, lo cual llevar\u00eda a un crecimiento mayor y m\u00e1s r\u00e1pido de las relaciones econ\u00f3micas de Rusia con China&#8221;.<\/p>\n<p style=\"text-align: justify;\">Esto le dar\u00e1 a Rusia la oportunidad de implementar planes para la reactivaci\u00f3n del Lejano Oriente y Siberia Oriental, manifest\u00f3 el jefe de la diplomacia.<\/p>\n<p style=\"text-align: justify;\">fm<\/p>\n","protected":false},"excerpt":{"rendered":"<p>Mosc\u00fa, 24 may (SANA) La cooperaci\u00f3n econ\u00f3mica entre Rusia y China cobrar\u00e1 impulso pronto tras la postura dictatorial de Occidente hacia Mosc\u00fa, dijo el ministro de Relaciones Exteriores de Rusia, Sergei Lavrov. Citado por agencia de noticias TASS, Lavrov dijo que Occidente asumi\u00f3 la posici\u00f3n de dictador, lo cual llevar\u00eda a un crecimiento mayor y &hellip;<\/p>\n","protected":false},"author":34,"featured_media":235114,"comment_status":"closed","ping_status":"closed","sticky":false,"template":"","format":"standard","meta":{"footnotes":""},"categories":[597,456,7541],"tags":[],"class_list":["post-235113","post","type-post","status-publish","format-standard","has-post-thumbnail","","category-cinta-de-noticias","category-arabe-internacional-politica","category-ultimas-noticias"],"_links":{"self":[{"href":"https:\/\/archive.sana.sy\/es\/index.php?rest_route=\/wp\/v2\/posts\/235113"}],"collection":[{"href":"https:\/\/archive.sana.sy\/es\/index.php?rest_route=\/wp\/v2\/posts"}],"about":[{"href":"https:\/\/archive.sana.sy\/es\/index.php?rest_route=\/wp\/v2\/types\/post"}],"author":[{"embeddable":true,"href":"https:\/\/archive.sana.sy\/es\/index.php?rest_route=\/wp\/v2\/users\/34"}],"replies":[{"embeddable":true,"href":"https:\/\/archive.sana.sy\/es\/index.php?rest_route=%2Fwp%2Fv2%2Fcomments&post=235113"}],"version-history":[{"count":0,"href":"https:\/\/archive.sana.sy\/es\/index.php?rest_route=\/wp\/v2\/posts\/235113\/revisions"}],"wp:featuredmedia":[{"embeddable":true,"href":"https:\/\/archive.sana.sy\/es\/index.php?rest_route=\/wp\/v2\/media\/235114"}],"wp:attachment":[{"href":"https:\/\/archive.sana.sy\/es\/index.php?rest_route=%2Fwp%2Fv2%2Fmedia&parent=235113"}],"wp:term":[{"taxonomy":"category","embeddable":true,"href":"https:\/\/archive.sana.sy\/es\/index.php?rest_route=%2Fwp%2Fv2%2Fcategories&post=235113"},{"taxonomy":"post_tag","embeddable":true,"href":"https:\/\/archive.sana.sy\/es\/index.php?rest_route=%2Fwp%2Fv2%2Ftags&post=235113"}],"curies":[{"name":"wp","href":"https:\/\/api.w.org\/{rel}","templated":true}]}}