{"id":235129,"date":"2022-05-24T14:20:52","date_gmt":"2022-05-24T11:20:52","guid":{"rendered":"http:\/\/107.6.182.27\/es\/?p=235129"},"modified":"2022-05-24T16:16:07","modified_gmt":"2022-05-24T13:16:07","slug":"proxima-reunion-sobre-siria-en-la-formula-de-astana-se-celebrara-a-mediados-de-junio-proximo","status":"publish","type":"post","link":"https:\/\/archive.sana.sy\/es\/?p=235129","title":{"rendered":"Pr\u00f3xima reuni\u00f3n sobre Siria en la f\u00f3rmula de Astan\u00e1 se celebrar\u00e1 a mediados de junio pr\u00f3ximo"},"content":{"rendered":"<p style=\"text-align: justify\"><span style=\"color: #800000\"><strong>Nursultan, 24 may (SANA)<\/strong> <\/span>La pr\u00f3xima cita de conversaciones sobre Siria de acuerdo a la f\u00f3rmula de Astan\u00e1 se llevar\u00e1 a cabo en la capital, Nursultan, a mediados de junio, declar\u00f3 hoy el portavoz del Ministerio de Relaciones Exteriores de Kazajst\u00e1n, Ipek Smadyarov.<\/p>\n<p style=\"text-align: justify\">En declaraciones a los periodistas al margen de una reuni\u00f3n del gobierno, el vocero aclar\u00f3 que &#8220;la decimoctava reuni\u00f3n de conversaciones sobre Siria se efectuar\u00e1 entre el 14 y el 16 de junio pr\u00f3ximo.<\/p>\n<p style=\"text-align: justify\">Canciller\u00eda envi\u00f3 invitaciones a todos los pa\u00edses garantes y a los dem\u00e1s participantes, y estamos esperando la confirmaci\u00f3n de asistencia, los invitados sobre participaci\u00f3n, asegur\u00f3.<\/p>\n<p style=\"text-align: justify\">La \u00faltima reuni\u00f3n celebr\u00f3 en la capital kazaja, Nursultan, el pasado mes de diciembre.<\/p>\n<p style=\"text-align: justify\">fm\/ed<\/p>\n","protected":false},"excerpt":{"rendered":"<p>Nursultan, 24 may (SANA) La pr\u00f3xima cita de conversaciones sobre Siria de acuerdo a la f\u00f3rmula de Astan\u00e1 se llevar\u00e1 a cabo en la capital, Nursultan, a mediados de junio, declar\u00f3 hoy el portavoz del Ministerio de Relaciones Exteriores de Kazajst\u00e1n, Ipek Smadyarov. En declaraciones a los periodistas al margen de una reuni\u00f3n del gobierno, &hellip;<\/p>\n","protected":false},"author":32,"featured_media":235130,"comment_status":"closed","ping_status":"closed","sticky":false,"template":"","format":"standard","meta":{"footnotes":""},"categories":[597,467,7541],"tags":[],"class_list":["post-235129","post","type-post","status-publish","format-standard","has-post-thumbnail","","category-cinta-de-noticias","category-siria-y-el-mundo","category-ultimas-noticias"],"_links":{"self":[{"href":"https:\/\/archive.sana.sy\/es\/index.php?rest_route=\/wp\/v2\/posts\/235129"}],"collection":[{"href":"https:\/\/archive.sana.sy\/es\/index.php?rest_route=\/wp\/v2\/posts"}],"about":[{"href":"https:\/\/archive.sana.sy\/es\/index.php?rest_route=\/wp\/v2\/types\/post"}],"author":[{"embeddable":true,"href":"https:\/\/archive.sana.sy\/es\/index.php?rest_route=\/wp\/v2\/users\/32"}],"replies":[{"embeddable":true,"href":"https:\/\/archive.sana.sy\/es\/index.php?rest_route=%2Fwp%2Fv2%2Fcomments&post=235129"}],"version-history":[{"count":0,"href":"https:\/\/archive.sana.sy\/es\/index.php?rest_route=\/wp\/v2\/posts\/235129\/revisions"}],"wp:featuredmedia":[{"embeddable":true,"href":"https:\/\/archive.sana.sy\/es\/index.php?rest_route=\/wp\/v2\/media\/235130"}],"wp:attachment":[{"href":"https:\/\/archive.sana.sy\/es\/index.php?rest_route=%2Fwp%2Fv2%2Fmedia&parent=235129"}],"wp:term":[{"taxonomy":"category","embeddable":true,"href":"https:\/\/archive.sana.sy\/es\/index.php?rest_route=%2Fwp%2Fv2%2Fcategories&post=235129"},{"taxonomy":"post_tag","embeddable":true,"href":"https:\/\/archive.sana.sy\/es\/index.php?rest_route=%2Fwp%2Fv2%2Ftags&post=235129"}],"curies":[{"name":"wp","href":"https:\/\/api.w.org\/{rel}","templated":true}]}}