{"id":235132,"date":"2022-05-24T10:33:30","date_gmt":"2022-05-24T07:33:30","guid":{"rendered":"http:\/\/107.6.182.27\/es\/?p=235132"},"modified":"2023-01-10T16:18:24","modified_gmt":"2023-01-10T14:18:24","slug":"el-consejo-de-derechos-humanos-perdio-su-credibilidad-ante-de-la-guerra-en-ucrania-dice-lavrov","status":"publish","type":"post","link":"https:\/\/archive.sana.sy\/es\/?p=235132","title":{"rendered":"El Consejo de Derechos Humanos perdi\u00f3 su credibilidad ante de la guerra en Ucrania, dice Lavrov"},"content":{"rendered":"<blockquote><p><strong>&#8220;Rusia se retir\u00f3 por decisi\u00f3n propia del Consejo de Derechos Humanos&#8230; ellos pretend\u00edan suspender nuestra membres\u00eda en el mismo, as\u00ed que decidimos hacerlo nosotros mismos&#8221;, dijo el Canciller citado por la agencia de noticias TASS.<\/strong><\/p><\/blockquote>\n<p>Mosc\u00fa, 24 may (SANA) El ministro de Relaciones Exteriores de Rusia, Sergei Lavrov, afirm\u00f3 hoy que el Consejo de Derechos Humanos de las Naciones Unidas perdi\u00f3 su credibilidad mucho antes del estallido de la guerra en Ucrania.<\/p>\n<p>&#8220;Rusia se retir\u00f3 por decisi\u00f3n propia del Consejo de Derechos Humanos&#8230; ellos pretend\u00edan suspender nuestra membres\u00eda en el mismo, as\u00ed que decidimos hacerlo nosotros mismos&#8221;, dijo el Canciller citado por la agencia de noticias TASS.<\/p>\n<p>Agreg\u00f3 que este Consejo perdi\u00f3 su credibilidad y la confianza en el mismo est\u00e1 nula mucho antes de la evoluci\u00f3n de la situaci\u00f3n actual en Ucrania.<\/p>\n<p>Por otro lado, el jefe de la diplomacia rusa subray\u00f3 la importancia de que su pa\u00eds conf\u00ede en s\u00ed misma en \u00e1reas importantes y deje de recibir suministros de Occidente para garantizar el desarrollo de sus sectores de gran importancia.<\/p>\n<p>fm\/ed<\/p>\n","protected":false},"excerpt":{"rendered":"<p>&#8220;Rusia se retir\u00f3 por decisi\u00f3n propia del Consejo de Derechos Humanos&#8230; ellos pretend\u00edan suspender nuestra membres\u00eda en el mismo, as\u00ed que decidimos hacerlo nosotros mismos&#8221;, dijo el Canciller citado por la agencia de noticias TASS. Mosc\u00fa, 24 may (SANA) El ministro de Relaciones Exteriores de Rusia, Sergei Lavrov, afirm\u00f3 hoy que el Consejo de Derechos &hellip;<\/p>\n","protected":false},"author":32,"featured_media":235133,"comment_status":"closed","ping_status":"closed","sticky":false,"template":"","format":"standard","meta":{"footnotes":""},"categories":[597,456,7541],"tags":[],"class_list":["post-235132","post","type-post","status-publish","format-standard","has-post-thumbnail","","category-cinta-de-noticias","category-arabe-internacional-politica","category-ultimas-noticias"],"_links":{"self":[{"href":"https:\/\/archive.sana.sy\/es\/index.php?rest_route=\/wp\/v2\/posts\/235132"}],"collection":[{"href":"https:\/\/archive.sana.sy\/es\/index.php?rest_route=\/wp\/v2\/posts"}],"about":[{"href":"https:\/\/archive.sana.sy\/es\/index.php?rest_route=\/wp\/v2\/types\/post"}],"author":[{"embeddable":true,"href":"https:\/\/archive.sana.sy\/es\/index.php?rest_route=\/wp\/v2\/users\/32"}],"replies":[{"embeddable":true,"href":"https:\/\/archive.sana.sy\/es\/index.php?rest_route=%2Fwp%2Fv2%2Fcomments&post=235132"}],"version-history":[{"count":0,"href":"https:\/\/archive.sana.sy\/es\/index.php?rest_route=\/wp\/v2\/posts\/235132\/revisions"}],"wp:featuredmedia":[{"embeddable":true,"href":"https:\/\/archive.sana.sy\/es\/index.php?rest_route=\/wp\/v2\/media\/235133"}],"wp:attachment":[{"href":"https:\/\/archive.sana.sy\/es\/index.php?rest_route=%2Fwp%2Fv2%2Fmedia&parent=235132"}],"wp:term":[{"taxonomy":"category","embeddable":true,"href":"https:\/\/archive.sana.sy\/es\/index.php?rest_route=%2Fwp%2Fv2%2Fcategories&post=235132"},{"taxonomy":"post_tag","embeddable":true,"href":"https:\/\/archive.sana.sy\/es\/index.php?rest_route=%2Fwp%2Fv2%2Ftags&post=235132"}],"curies":[{"name":"wp","href":"https:\/\/api.w.org\/{rel}","templated":true}]}}