{"id":235150,"date":"2022-05-24T11:48:54","date_gmt":"2022-05-24T08:48:54","guid":{"rendered":"http:\/\/107.6.182.27\/es\/?p=235150"},"modified":"2023-01-10T16:18:23","modified_gmt":"2023-01-10T14:18:23","slug":"atacan-con-dron-una-base-estadounidense-cerca-de-bagdad","status":"publish","type":"post","link":"https:\/\/archive.sana.sy\/es\/?p=235150","title":{"rendered":"Atacan con dron una base estadounidense cerca de Bagdad"},"content":{"rendered":"<p style=\"text-align: justify;\">La base estadounidense \u201cUS Victory\u201d ha sido atacada varias veces con cohetes y drones en los \u00faltimos meses lo que ocasion\u00f3 da\u00f1os materiales en la misma.<\/p>\n<p style=\"text-align: justify;\">Bagdad, 14 may (SANA)\u00a0 Una fuente de seguridad iraqu\u00ed inform\u00f3 que un ataque con avi\u00f3n no tripulado tuvo como objetivo una base estadounidense en las cercan\u00edas del Aeropuerto Internacional de Bagdad.<\/p>\n<p style=\"text-align: justify;\">El sitio web de noticias Alsumaria cit\u00f3 a la fuente diciendo que la base &#8220;US Victory&#8221; fue atacada por un dron al amanecer de este martes e indic\u00f3 que las sirenas sonaron pero no ha habido informes de v\u00edctimas.<\/p>\n<p style=\"text-align: justify;\">La base estadounidense \u201cUS Victory\u201d ha sido atacada varias veces con cohetes y drones en los \u00faltimos meses lo que ocasion\u00f3 da\u00f1os materiales en la misma.<\/p>\n<p style=\"text-align: justify;\">ed\/fm<\/p>\n","protected":false},"excerpt":{"rendered":"<p>La base estadounidense \u201cUS Victory\u201d ha sido atacada varias veces con cohetes y drones en los \u00faltimos meses lo que ocasion\u00f3 da\u00f1os materiales en la misma. Bagdad, 14 may (SANA)\u00a0 Una fuente de seguridad iraqu\u00ed inform\u00f3 que un ataque con avi\u00f3n no tripulado tuvo como objetivo una base estadounidense en las cercan\u00edas del Aeropuerto Internacional &hellip;<\/p>\n","protected":false},"author":32,"featured_media":235151,"comment_status":"closed","ping_status":"closed","sticky":false,"template":"","format":"standard","meta":{"footnotes":""},"categories":[597,456,7541],"tags":[],"class_list":["post-235150","post","type-post","status-publish","format-standard","has-post-thumbnail","","category-cinta-de-noticias","category-arabe-internacional-politica","category-ultimas-noticias"],"_links":{"self":[{"href":"https:\/\/archive.sana.sy\/es\/index.php?rest_route=\/wp\/v2\/posts\/235150"}],"collection":[{"href":"https:\/\/archive.sana.sy\/es\/index.php?rest_route=\/wp\/v2\/posts"}],"about":[{"href":"https:\/\/archive.sana.sy\/es\/index.php?rest_route=\/wp\/v2\/types\/post"}],"author":[{"embeddable":true,"href":"https:\/\/archive.sana.sy\/es\/index.php?rest_route=\/wp\/v2\/users\/32"}],"replies":[{"embeddable":true,"href":"https:\/\/archive.sana.sy\/es\/index.php?rest_route=%2Fwp%2Fv2%2Fcomments&post=235150"}],"version-history":[{"count":0,"href":"https:\/\/archive.sana.sy\/es\/index.php?rest_route=\/wp\/v2\/posts\/235150\/revisions"}],"wp:featuredmedia":[{"embeddable":true,"href":"https:\/\/archive.sana.sy\/es\/index.php?rest_route=\/wp\/v2\/media\/235151"}],"wp:attachment":[{"href":"https:\/\/archive.sana.sy\/es\/index.php?rest_route=%2Fwp%2Fv2%2Fmedia&parent=235150"}],"wp:term":[{"taxonomy":"category","embeddable":true,"href":"https:\/\/archive.sana.sy\/es\/index.php?rest_route=%2Fwp%2Fv2%2Fcategories&post=235150"},{"taxonomy":"post_tag","embeddable":true,"href":"https:\/\/archive.sana.sy\/es\/index.php?rest_route=%2Fwp%2Fv2%2Ftags&post=235150"}],"curies":[{"name":"wp","href":"https:\/\/api.w.org\/{rel}","templated":true}]}}