{"id":235153,"date":"2022-05-24T12:08:05","date_gmt":"2022-05-24T09:08:05","guid":{"rendered":"http:\/\/107.6.182.27\/es\/?p=235153"},"modified":"2022-05-24T12:08:05","modified_gmt":"2022-05-24T09:08:05","slug":"draxler-estados-unidos-ocupa-descaradamente-las-areas-de-siria-ricas-en-petroleo","status":"publish","type":"post","link":"https:\/\/archive.sana.sy\/es\/?p=235153","title":{"rendered":"Draxler: Estados Unidos ocupa descaradamente las \u00e1reas de Siria ricas en petr\u00f3leo"},"content":{"rendered":"<p style=\"text-align: justify;\"><strong>Praga, 24 may (SANA)<\/strong> El exministro de Educaci\u00f3n, Ciencia e Investigaci\u00f3n de Eslovaquia, Juraj Draxler, dijo que la presencia ilegal estadounidense en el territorio sirio constituye una flagrante violaci\u00f3n del derecho internacional, y agreg\u00f3 que esta ocupaci\u00f3n ha causado miles de v\u00edctimas entre los sirios.<\/p>\n<p style=\"text-align: justify;\">\u201cEstados Unidos ocupa descaradamente partes de Siria, especialmente las zonas m\u00e1s f\u00e9rtiles y ricas en petr\u00f3leo\u201d, dijo Draxler en un art\u00edculo publicado en el sitio web de noticias \u201cNovinky \u2013 region\u00e1lny\u201d.<\/p>\n<p style=\"text-align: justify;\">Se\u00f1al\u00f3 que el pueblo sirio ha logrado grandes victorias en su guerra contra el terrorismo y sus partidarios, y esto fue gracias a los sacrificios masivos realizados en los \u00faltimos a\u00f1os.<\/p>\n<p style=\"text-align: justify;\">ed\/fm<\/p>\n","protected":false},"excerpt":{"rendered":"<p>Praga, 24 may (SANA) El exministro de Educaci\u00f3n, Ciencia e Investigaci\u00f3n de Eslovaquia, Juraj Draxler, dijo que la presencia ilegal estadounidense en el territorio sirio constituye una flagrante violaci\u00f3n del derecho internacional, y agreg\u00f3 que esta ocupaci\u00f3n ha causado miles de v\u00edctimas entre los sirios. \u201cEstados Unidos ocupa descaradamente partes de Siria, especialmente las zonas &hellip;<\/p>\n","protected":false},"author":32,"featured_media":235154,"comment_status":"closed","ping_status":"closed","sticky":false,"template":"","format":"standard","meta":{"footnotes":""},"categories":[597,467,7541],"tags":[],"class_list":["post-235153","post","type-post","status-publish","format-standard","has-post-thumbnail","","category-cinta-de-noticias","category-siria-y-el-mundo","category-ultimas-noticias"],"_links":{"self":[{"href":"https:\/\/archive.sana.sy\/es\/index.php?rest_route=\/wp\/v2\/posts\/235153"}],"collection":[{"href":"https:\/\/archive.sana.sy\/es\/index.php?rest_route=\/wp\/v2\/posts"}],"about":[{"href":"https:\/\/archive.sana.sy\/es\/index.php?rest_route=\/wp\/v2\/types\/post"}],"author":[{"embeddable":true,"href":"https:\/\/archive.sana.sy\/es\/index.php?rest_route=\/wp\/v2\/users\/32"}],"replies":[{"embeddable":true,"href":"https:\/\/archive.sana.sy\/es\/index.php?rest_route=%2Fwp%2Fv2%2Fcomments&post=235153"}],"version-history":[{"count":0,"href":"https:\/\/archive.sana.sy\/es\/index.php?rest_route=\/wp\/v2\/posts\/235153\/revisions"}],"wp:featuredmedia":[{"embeddable":true,"href":"https:\/\/archive.sana.sy\/es\/index.php?rest_route=\/wp\/v2\/media\/235154"}],"wp:attachment":[{"href":"https:\/\/archive.sana.sy\/es\/index.php?rest_route=%2Fwp%2Fv2%2Fmedia&parent=235153"}],"wp:term":[{"taxonomy":"category","embeddable":true,"href":"https:\/\/archive.sana.sy\/es\/index.php?rest_route=%2Fwp%2Fv2%2Fcategories&post=235153"},{"taxonomy":"post_tag","embeddable":true,"href":"https:\/\/archive.sana.sy\/es\/index.php?rest_route=%2Fwp%2Fv2%2Ftags&post=235153"}],"curies":[{"name":"wp","href":"https:\/\/api.w.org\/{rel}","templated":true}]}}