{"id":23516,"date":"2015-05-19T13:07:21","date_gmt":"2015-05-19T10:07:21","guid":{"rendered":"http:\/\/sana.sy\/es\/?p=23516"},"modified":"2023-01-09T14:10:09","modified_gmt":"2023-01-09T12:10:09","slug":"terroristas-del-ei-matan-a-cinco-civiles-en-un-poblado-de-sweida","status":"publish","type":"post","link":"https:\/\/archive.sana.sy\/es\/?p=23516","title":{"rendered":"Terroristas del EI matan a cinco civiles en un poblado de Sweida"},"content":{"rendered":"<p><span style=\"color: #800000\">Sweida, SANA<\/span><\/p>\n<p>Seis civiles entre ellos una mujer, cayeron m\u00e1rtires en un ataque de los terroristas de la organizaci\u00f3n delEstado Isl\u00e1mico contra la aldea de al-Kahef en el campo nororiental de Sweida.<\/p>\n<p>Una fuente en la Gobernaci\u00f3n de Sweida declar\u00f3 que grupos de terroristas del Estado Isl\u00e1mico cortaron a la una de la madrugada del martes, a la carretera que une a los poblado s de al-Hakef y Bouzeinah, y atacaron a los civiles, dejando seis muertos, entre ellos hay una mujer.<\/p>\n<p>La fuente indic\u00f3 que unidades del ej\u00e9rcito en cooperaci\u00f3n con grupos de la Defensa Popular, eliminaron a seis de los terroristas atacantes, entre ellos figura un checheno y un saudita, y destruy\u00f3 a varios de los veh\u00edculos que utilizaban.<\/p>\n<p>El poblado de al-Hakef est\u00e1 situado en las afueras del desierto sirio al este de Sweida, donde se despliegan terroristas del EI que emprende ataques contra los poblados cercanos.<br \/>\nFady M., Lynn A.<\/p>\n","protected":false},"excerpt":{"rendered":"<p>Sweida, SANA Seis civiles entre ellos una mujer, cayeron m\u00e1rtires en un ataque de los terroristas de la organizaci\u00f3n delEstado Isl\u00e1mico contra la aldea de al-Kahef en el campo nororiental de Sweida. Una fuente en la Gobernaci\u00f3n de Sweida declar\u00f3 que grupos de terroristas del Estado Isl\u00e1mico cortaron a la una de la madrugada del &hellip;<\/p>\n","protected":false},"author":24,"featured_media":23517,"comment_status":"closed","ping_status":"closed","sticky":false,"template":"","format":"standard","meta":{"footnotes":""},"categories":[477,597,573,476],"tags":[5310],"class_list":["post-23516","post","type-post","status-publish","format-standard","has-post-thumbnail","","category-noticias-edulcorantes","category-cinta-de-noticias","category-la-realidad-de-los-acontecimientos-en-siria","category-locales","tag-terroristas-del-ei-matan-a-cinco-civiles-en-un-poblado-de-sweida"],"_links":{"self":[{"href":"https:\/\/archive.sana.sy\/es\/index.php?rest_route=\/wp\/v2\/posts\/23516"}],"collection":[{"href":"https:\/\/archive.sana.sy\/es\/index.php?rest_route=\/wp\/v2\/posts"}],"about":[{"href":"https:\/\/archive.sana.sy\/es\/index.php?rest_route=\/wp\/v2\/types\/post"}],"author":[{"embeddable":true,"href":"https:\/\/archive.sana.sy\/es\/index.php?rest_route=\/wp\/v2\/users\/24"}],"replies":[{"embeddable":true,"href":"https:\/\/archive.sana.sy\/es\/index.php?rest_route=%2Fwp%2Fv2%2Fcomments&post=23516"}],"version-history":[{"count":0,"href":"https:\/\/archive.sana.sy\/es\/index.php?rest_route=\/wp\/v2\/posts\/23516\/revisions"}],"wp:featuredmedia":[{"embeddable":true,"href":"https:\/\/archive.sana.sy\/es\/index.php?rest_route=\/wp\/v2\/media\/23517"}],"wp:attachment":[{"href":"https:\/\/archive.sana.sy\/es\/index.php?rest_route=%2Fwp%2Fv2%2Fmedia&parent=23516"}],"wp:term":[{"taxonomy":"category","embeddable":true,"href":"https:\/\/archive.sana.sy\/es\/index.php?rest_route=%2Fwp%2Fv2%2Fcategories&post=23516"},{"taxonomy":"post_tag","embeddable":true,"href":"https:\/\/archive.sana.sy\/es\/index.php?rest_route=%2Fwp%2Fv2%2Ftags&post=23516"}],"curies":[{"name":"wp","href":"https:\/\/api.w.org\/{rel}","templated":true}]}}