{"id":235183,"date":"2022-05-24T20:27:28","date_gmt":"2022-05-24T17:27:28","guid":{"rendered":"http:\/\/107.6.182.27\/es\/?p=235183"},"modified":"2022-05-24T20:56:53","modified_gmt":"2022-05-24T17:56:53","slug":"presidente-al-assad-recibe-al-catolicos-de-los-armenios-y-de-la-gran-casa-de-cilicia","status":"publish","type":"post","link":"https:\/\/archive.sana.sy\/es\/?p=235183","title":{"rendered":"Presidente al-Assad recibe al Cat\u00f3licos de los Armenios y de la Gran Casa de Cilicia"},"content":{"rendered":"<p style=\"text-align: justify\"><span style=\"color: #800000\"><strong>Damasco, 24 may (SANA)\u00a0<\/strong><\/span>La homogeneidad es lo que m\u00e1s caracteriza al pueblo sirio a pesar de la existencia de diferentes razas y religiones, afirm\u00f3 hoy el presidente Bashar al-Assad, surante su recibimiento en esta capital a Aram I Keshishian, cat\u00f3licos de los Armenios y de la Gran Casa de Cilicia.<\/p>\n<p style=\"text-align: justify\">\u201cEsta homogeneidad no significa la disoluci\u00f3n completa sino la preservaci\u00f3n de la identidad de cada integrante sirio y fortalecer su pertenencia y nexo con esta tierra donde viven desde hace miles de a\u00f1os\u201d, subray\u00f3 el mandatario.<\/p>\n<p style=\"text-align: justify\">A su vez, la autoridad suprema de la Iglesia armenia ortodoxa destac\u00f3 que la guerra que enfrenta Siria, ya sea mediante el terrorismo o el bloqueo econ\u00f3mico, pretende frustrar su modelo \u00fanico, y empujar a sus diferentes espectros a emigrar y abandonar a su patria original.<\/p>\n<p style=\"text-align: justify\">Los sirio-armenios seguir\u00e1n apegados a su pa\u00eds Siria y trabajar\u00e1n con toda energ\u00eda con sus connacionales sirios para superar las secuelas de esta guerra.<\/p>\n<p style=\"text-align: justify\">\nla\/fm<\/p>\n","protected":false},"excerpt":{"rendered":"<p>Damasco, 24 may (SANA)\u00a0La homogeneidad es lo que m\u00e1s caracteriza al pueblo sirio a pesar de la existencia de diferentes razas y religiones, afirm\u00f3 hoy el presidente Bashar al-Assad, surante su recibimiento en esta capital a Aram I Keshishian, cat\u00f3licos de los Armenios y de la Gran Casa de Cilicia. \u201cEsta homogeneidad no significa la &hellip;<\/p>\n","protected":false},"author":24,"featured_media":235184,"comment_status":"closed","ping_status":"closed","sticky":false,"template":"","format":"standard","meta":{"footnotes":""},"categories":[597,16237,583,626],"tags":[],"class_list":["post-235183","post","type-post","status-publish","format-standard","has-post-thumbnail","","category-cinta-de-noticias","category-presidence-de-la-republique-arabe-syria","category-slide","category-sr-presidente"],"_links":{"self":[{"href":"https:\/\/archive.sana.sy\/es\/index.php?rest_route=\/wp\/v2\/posts\/235183"}],"collection":[{"href":"https:\/\/archive.sana.sy\/es\/index.php?rest_route=\/wp\/v2\/posts"}],"about":[{"href":"https:\/\/archive.sana.sy\/es\/index.php?rest_route=\/wp\/v2\/types\/post"}],"author":[{"embeddable":true,"href":"https:\/\/archive.sana.sy\/es\/index.php?rest_route=\/wp\/v2\/users\/24"}],"replies":[{"embeddable":true,"href":"https:\/\/archive.sana.sy\/es\/index.php?rest_route=%2Fwp%2Fv2%2Fcomments&post=235183"}],"version-history":[{"count":0,"href":"https:\/\/archive.sana.sy\/es\/index.php?rest_route=\/wp\/v2\/posts\/235183\/revisions"}],"wp:featuredmedia":[{"embeddable":true,"href":"https:\/\/archive.sana.sy\/es\/index.php?rest_route=\/wp\/v2\/media\/235184"}],"wp:attachment":[{"href":"https:\/\/archive.sana.sy\/es\/index.php?rest_route=%2Fwp%2Fv2%2Fmedia&parent=235183"}],"wp:term":[{"taxonomy":"category","embeddable":true,"href":"https:\/\/archive.sana.sy\/es\/index.php?rest_route=%2Fwp%2Fv2%2Fcategories&post=235183"},{"taxonomy":"post_tag","embeddable":true,"href":"https:\/\/archive.sana.sy\/es\/index.php?rest_route=%2Fwp%2Fv2%2Ftags&post=235183"}],"curies":[{"name":"wp","href":"https:\/\/api.w.org\/{rel}","templated":true}]}}