{"id":23521,"date":"2015-05-19T17:42:58","date_gmt":"2015-05-19T14:42:58","guid":{"rendered":"http:\/\/www.sana.sy\/es\/?p=23521"},"modified":"2015-05-19T18:20:40","modified_gmt":"2015-05-19T15:20:40","slug":"gabinete-debate-varios-temas-entre-los-cuales-los-acuerdos-firmados-con-iran","status":"publish","type":"post","link":"https:\/\/archive.sana.sy\/es\/?p=23521","title":{"rendered":"Gabinete celebra su sesi\u00f3n semanal y debate los acuerdos firmados con Ir\u00e1n"},"content":{"rendered":"<p><span style=\"color: #800000\">Damasco, SANA<\/span><\/p>\n<p>El Consejo de Ministros sostuvo este martes su sesi\u00f3n semanal en la que debati\u00f3 varios temas entre los cuales figuran las medidas encaminadas a controlar los precios de los productos y las v\u00edas de reforzar la cooperaci\u00f3n econ\u00f3mica y comercial con los pa\u00edses amigos.<\/p>\n<p>El primer ministro, Wael al-Halqui, reafirm\u00f3 que el Gobierno tomar\u00e1 medidas disuasorias contra los comerciantes que aprovechan la crisis y manipulan los precios de los productos.<\/p>\n<p>En cuanto a los acuerdos firmados este martes entre Siria e Ir\u00e1n, al-Halqui revel\u00f3 que los mismos se pondr\u00e1n en marcha a trav\u00e9s de un comit\u00e9 central, el cual ser\u00e1 presidido por el Secretario General del Consejo de Ministros sirio, Taisir al-Zaobi.<\/p>\n<p>Seg\u00fan el presidente del Ejecutivo, este comit\u00e9 tiene a subcomit\u00e9s t\u00e9cnicos especializados en varios campos, los cuales incluyen los ministerios de Industria, Agricultura, Trasporte, Telecomunicaci\u00f3n y Tecnolog\u00eda, y de Petr\u00f3leo y Recursos Minerales.<\/p>\n<p>El Primer Ministra declar\u00f3 que el gobierno consigui\u00f3 durante estas reuniones bilaterales, asegurar una reserva estrat\u00e9gica de las mercanc\u00edas y los derivados del petr\u00f3leo para el pr\u00f3ximo invierno.<\/p>\n<p>A su vez, el ministro de Administraci\u00f3n Local, Omar Ghalawanyi, hizo referencia a los esfuerzos desempe\u00f1ados para garantizar las necesidades de la zona industrial de al-Sheikh Nayar en Alepo, y tambi\u00e9n las necesidades de las personas afectadas de los actos terroristas.<\/p>\n<p>Siria e Ir\u00e1n hab\u00edan firmado este martes una serie de acuerdos en las \u00e1reas de energ\u00eda, agricultura, industria, petr\u00f3leo e inversi\u00f3n.<\/p>\n<p>Lynn A., Fady M.<\/p>\n","protected":false},"excerpt":{"rendered":"<p>Damasco, SANA El Consejo de Ministros sostuvo este martes su sesi\u00f3n semanal en la que debati\u00f3 varios temas entre los cuales figuran las medidas encaminadas a controlar los precios de los productos y las v\u00edas de reforzar la cooperaci\u00f3n econ\u00f3mica y comercial con los pa\u00edses amigos. El primer ministro, Wael al-Halqui, reafirm\u00f3 que el Gobierno &hellip;<\/p>\n","protected":false},"author":24,"featured_media":19232,"comment_status":"closed","ping_status":"closed","sticky":false,"template":"","format":"standard","meta":{"footnotes":""},"categories":[477,597,476],"tags":[5311],"class_list":["post-23521","post","type-post","status-publish","format-standard","has-post-thumbnail","","category-noticias-edulcorantes","category-cinta-de-noticias","category-locales","tag-gabinete-debate-varios-temas-entre-los-cuales-los-acuerdos-firmados-con-iran"],"_links":{"self":[{"href":"https:\/\/archive.sana.sy\/es\/index.php?rest_route=\/wp\/v2\/posts\/23521"}],"collection":[{"href":"https:\/\/archive.sana.sy\/es\/index.php?rest_route=\/wp\/v2\/posts"}],"about":[{"href":"https:\/\/archive.sana.sy\/es\/index.php?rest_route=\/wp\/v2\/types\/post"}],"author":[{"embeddable":true,"href":"https:\/\/archive.sana.sy\/es\/index.php?rest_route=\/wp\/v2\/users\/24"}],"replies":[{"embeddable":true,"href":"https:\/\/archive.sana.sy\/es\/index.php?rest_route=%2Fwp%2Fv2%2Fcomments&post=23521"}],"version-history":[{"count":0,"href":"https:\/\/archive.sana.sy\/es\/index.php?rest_route=\/wp\/v2\/posts\/23521\/revisions"}],"wp:featuredmedia":[{"embeddable":true,"href":"https:\/\/archive.sana.sy\/es\/index.php?rest_route=\/wp\/v2\/media\/19232"}],"wp:attachment":[{"href":"https:\/\/archive.sana.sy\/es\/index.php?rest_route=%2Fwp%2Fv2%2Fmedia&parent=23521"}],"wp:term":[{"taxonomy":"category","embeddable":true,"href":"https:\/\/archive.sana.sy\/es\/index.php?rest_route=%2Fwp%2Fv2%2Fcategories&post=23521"},{"taxonomy":"post_tag","embeddable":true,"href":"https:\/\/archive.sana.sy\/es\/index.php?rest_route=%2Fwp%2Fv2%2Ftags&post=23521"}],"curies":[{"name":"wp","href":"https:\/\/api.w.org\/{rel}","templated":true}]}}