{"id":235211,"date":"2022-05-24T19:59:22","date_gmt":"2022-05-24T16:59:22","guid":{"rendered":"http:\/\/107.6.182.27\/es\/?p=235211"},"modified":"2022-05-24T19:59:22","modified_gmt":"2022-05-24T16:59:22","slug":"primer-ministro-se-reune-con-el-arzobispo-aram-i-keshishian","status":"publish","type":"post","link":"https:\/\/archive.sana.sy\/es\/?p=235211","title":{"rendered":"Primer ministro se re\u00fane con el arzobispo Aram I Keshishian"},"content":{"rendered":"<p style=\"text-align: justify;\"><strong>Damasco, 24 may (SANA)<\/strong> El Primer Ministro, Hussein Arnous, recibi\u00f3 hoy el martes a Aram I Keshishian, cat\u00f3licos de los Armenios y de la Gran Casa de Cilicia.<\/p>\n<p style=\"text-align: justify;\">Durante el encuentro se enfatiz\u00f3 la importancia de la solidaridad entre los pueblos de un mismo pa\u00eds para enfrentar los desaf\u00edos que enfrenta Siria y romper el cerco econ\u00f3mico destinado a impedir la reconstrucci\u00f3n y construcci\u00f3n de lo que fue destruido por el terrorismo y sus partidarios.<\/p>\n<p style=\"text-align: justify;\">A su vez, la autoridad suprema de la iglesia armenia ortodoxa expres\u00f3 la confianza en que el pueblo sirio con todos sus espectros es capaz de completar el camino de la recuperaci\u00f3n de Siria y superar los efectos de la guerra terrorista y el injusto asedio.<\/p>\n<p>mm<\/p>\n","protected":false},"excerpt":{"rendered":"<p>Damasco, 24 may (SANA) El Primer Ministro, Hussein Arnous, recibi\u00f3 hoy el martes a Aram I Keshishian, cat\u00f3licos de los Armenios y de la Gran Casa de Cilicia. Durante el encuentro se enfatiz\u00f3 la importancia de la solidaridad entre los pueblos de un mismo pa\u00eds para enfrentar los desaf\u00edos que enfrenta Siria y romper el &hellip;<\/p>\n","protected":false},"author":36,"featured_media":235212,"comment_status":"closed","ping_status":"closed","sticky":false,"template":"","format":"standard","meta":{"footnotes":""},"categories":[597,476,457,7541],"tags":[],"class_list":["post-235211","post","type-post","status-publish","format-standard","has-post-thumbnail","","category-cinta-de-noticias","category-locales","category-noticias-arabe-internacional-politica","category-ultimas-noticias"],"_links":{"self":[{"href":"https:\/\/archive.sana.sy\/es\/index.php?rest_route=\/wp\/v2\/posts\/235211"}],"collection":[{"href":"https:\/\/archive.sana.sy\/es\/index.php?rest_route=\/wp\/v2\/posts"}],"about":[{"href":"https:\/\/archive.sana.sy\/es\/index.php?rest_route=\/wp\/v2\/types\/post"}],"author":[{"embeddable":true,"href":"https:\/\/archive.sana.sy\/es\/index.php?rest_route=\/wp\/v2\/users\/36"}],"replies":[{"embeddable":true,"href":"https:\/\/archive.sana.sy\/es\/index.php?rest_route=%2Fwp%2Fv2%2Fcomments&post=235211"}],"version-history":[{"count":0,"href":"https:\/\/archive.sana.sy\/es\/index.php?rest_route=\/wp\/v2\/posts\/235211\/revisions"}],"wp:featuredmedia":[{"embeddable":true,"href":"https:\/\/archive.sana.sy\/es\/index.php?rest_route=\/wp\/v2\/media\/235212"}],"wp:attachment":[{"href":"https:\/\/archive.sana.sy\/es\/index.php?rest_route=%2Fwp%2Fv2%2Fmedia&parent=235211"}],"wp:term":[{"taxonomy":"category","embeddable":true,"href":"https:\/\/archive.sana.sy\/es\/index.php?rest_route=%2Fwp%2Fv2%2Fcategories&post=235211"},{"taxonomy":"post_tag","embeddable":true,"href":"https:\/\/archive.sana.sy\/es\/index.php?rest_route=%2Fwp%2Fv2%2Ftags&post=235211"}],"curies":[{"name":"wp","href":"https:\/\/api.w.org\/{rel}","templated":true}]}}