{"id":235214,"date":"2022-05-24T20:15:21","date_gmt":"2022-05-24T17:15:21","guid":{"rendered":"http:\/\/107.6.182.27\/es\/?p=235214"},"modified":"2023-01-10T14:03:42","modified_gmt":"2023-01-10T12:03:42","slug":"comision-gubernamental-mixta-sirio-rusa-debate-en-moscu-metodos-de-enfrentamiento-a-las-injustas-medidas-occidentales","status":"publish","type":"post","link":"https:\/\/archive.sana.sy\/es\/?p=235214","title":{"rendered":"Comisi\u00f3n Gubernamental mixta Sirio-Rusa debate en Mosc\u00fa m\u00e9todos de enfrentamiento a las injustas medidas occidentales"},"content":{"rendered":"<p style=\"text-align: justify\"><span style=\"color: #800000\"><strong>Mosc\u00fa, 24 may (SANA)<\/strong><\/span> La Comisi\u00f3n Gubernamental mixta Sirio-Rusa sostuvo este martes una sesi\u00f3n de conversaciones oficiales en Mosc\u00fa, en la que fueron abordadas las v\u00edas de fortalecer la cooperaci\u00f3n bilateral en todos los \u00e1mbitos, especialmente los m\u00e9todos de enfrentamiento a las injustas medidas econ\u00f3micas occidentales impuestas a los dos pa\u00edses.<\/p>\n<p style=\"text-align: justify\">Los dos presidentes de la Comisi\u00f3n, el ministro de Asuntos Presidenciales, Mansour Azzam, y el viceprimer ministro Yuri Borisov, subrayaron la necesidad de consolidar la cooperaci\u00f3n conjunta y encontrar las mejores soluciones para romper el injusto bloqueo econ\u00f3mico aplicado por Occidente en contra de ambos pueblos, mediante la adopci\u00f3n de medidas y mecanismos econ\u00f3micos destinados a potenciar la econom\u00eda de Siria y Rusia.<\/p>\n<p style=\"text-align: justify\">Indicaron que la coordinaci\u00f3n con todos los pa\u00edses y fuerzas amigas es capaz de enfrentar las mal-llamadas sanciones y asegurar las bases del desarrollo sostenible de los pueblos que creen en su soberan\u00eda e independencia.<\/p>\n<p style=\"text-align: justify\">En la reuni\u00f3n fueron abordados tambi\u00e9n los preparativos de la 13\u00aa sesi\u00f3n de la Comisi\u00f3n que se celebrar\u00e1 pronto en Damasco, adem\u00e1s de revisar todos los acuerdos firmados entre los ministerios y las autoridades competentes.<\/p>\n<p style=\"text-align: justify\">Los dos jefes de la Comisi\u00f3n expresaron el pleno inter\u00e9s de sus gobiernos en brindar todo el apoyo necesario a las empresas nacionales que operan tanto en el territorio sirio como el ruso, y en mejorar el desempe\u00f1o del sector privado a trav\u00e9s del Consejo Empresarial Conjunto Sirio-Ruso.<\/p>\n<p style=\"text-align: justify\">Cabe destacar que ayer se celebr\u00f3 una serie de discusiones en el Ministerio de Finanzas de Rusia entre el titular de Finanzas de Siria y el viceministro de Finanzas Timur Maksimov, las cuales se enfocaron en las v\u00edas de impulsar la cooperaci\u00f3n bilateral en los campos financieros y aduaneros de forma que beneficie y facilite el intercambio comercial entre ambas naciones.<\/p>\n<p style=\"text-align: justify\">\nla<\/p>\n","protected":false},"excerpt":{"rendered":"<p>Mosc\u00fa, 24 may (SANA) La Comisi\u00f3n Gubernamental mixta Sirio-Rusa sostuvo este martes una sesi\u00f3n de conversaciones oficiales en Mosc\u00fa, en la que fueron abordadas las v\u00edas de fortalecer la cooperaci\u00f3n bilateral en todos los \u00e1mbitos, especialmente los m\u00e9todos de enfrentamiento a las injustas medidas econ\u00f3micas occidentales impuestas a los dos pa\u00edses. Los dos presidentes de &hellip;<\/p>\n","protected":false},"author":24,"featured_media":235215,"comment_status":"closed","ping_status":"closed","sticky":false,"template":"","format":"standard","meta":{"footnotes":""},"categories":[447,597,583],"tags":[],"class_list":["post-235214","post","type-post","status-publish","format-standard","has-post-thumbnail","","category-local-politica","category-cinta-de-noticias","category-slide"],"_links":{"self":[{"href":"https:\/\/archive.sana.sy\/es\/index.php?rest_route=\/wp\/v2\/posts\/235214"}],"collection":[{"href":"https:\/\/archive.sana.sy\/es\/index.php?rest_route=\/wp\/v2\/posts"}],"about":[{"href":"https:\/\/archive.sana.sy\/es\/index.php?rest_route=\/wp\/v2\/types\/post"}],"author":[{"embeddable":true,"href":"https:\/\/archive.sana.sy\/es\/index.php?rest_route=\/wp\/v2\/users\/24"}],"replies":[{"embeddable":true,"href":"https:\/\/archive.sana.sy\/es\/index.php?rest_route=%2Fwp%2Fv2%2Fcomments&post=235214"}],"version-history":[{"count":0,"href":"https:\/\/archive.sana.sy\/es\/index.php?rest_route=\/wp\/v2\/posts\/235214\/revisions"}],"wp:featuredmedia":[{"embeddable":true,"href":"https:\/\/archive.sana.sy\/es\/index.php?rest_route=\/wp\/v2\/media\/235215"}],"wp:attachment":[{"href":"https:\/\/archive.sana.sy\/es\/index.php?rest_route=%2Fwp%2Fv2%2Fmedia&parent=235214"}],"wp:term":[{"taxonomy":"category","embeddable":true,"href":"https:\/\/archive.sana.sy\/es\/index.php?rest_route=%2Fwp%2Fv2%2Fcategories&post=235214"},{"taxonomy":"post_tag","embeddable":true,"href":"https:\/\/archive.sana.sy\/es\/index.php?rest_route=%2Fwp%2Fv2%2Ftags&post=235214"}],"curies":[{"name":"wp","href":"https:\/\/api.w.org\/{rel}","templated":true}]}}