{"id":235224,"date":"2022-05-24T20:48:56","date_gmt":"2022-05-24T17:48:56","guid":{"rendered":"http:\/\/107.6.182.27\/es\/?p=235224"},"modified":"2023-01-10T14:03:42","modified_gmt":"2023-01-10T12:03:42","slug":"conversaciones-sirio-iraquies-en-materia-de-seguridad-y-el-control-de-las-fronteras-comunes","status":"publish","type":"post","link":"https:\/\/archive.sana.sy\/es\/?p=235224","title":{"rendered":"Conversaciones sirio-iraqu\u00edes en materia de seguridad y el control de fronteras"},"content":{"rendered":"<p style=\"text-align: justify\"><span style=\"color: #800000\"><strong>Bagdad, 24 may (SANA)<\/strong> <\/span>El ministro de Defensa de Irak, Jumaa Enad Saadoun, y el embajador sirio en Irak, Sattam Jadaan al-Dandah, abordaron este martes las v\u00edas de desarrollar la cooperaci\u00f3n binacional en materia de seguridad y el control de las fronteras.<\/p>\n<p style=\"text-align: justify\">En declaraciones al corresponsal de SANA en Bagdad, Al-Dandah inform\u00f3 que \u201cLa reuni\u00f3n gir\u00f3 en torno a las relaciones bilaterales en las \u00e1reas militares, de seguridad, y el intercambio de informaci\u00f3n entre los dos pa\u00edses hermanos, adem\u00e1s de las formas de elevarlas a mejores niveles\u201d.<\/p>\n<p style=\"text-align: justify\">\u201cAbordamos los importantes logros alcanzados por los ej\u00e9rcitos de Siria e Irak en la guerra contra el terrorismo\u201d, se\u00f1al\u00f3 el embajador sirio.<\/p>\n<p style=\"text-align: justify\">\u201cEnfatizamos la necesidad de controlar las fronteras comunes, prevenir la infiltraci\u00f3n de terroristas y continuar la cooperaci\u00f3n conjunta y el intercambio de informaci\u00f3n para eliminar los remanentes de las organizaciones terroristas\u201d, marc\u00f3.<\/p>\n<p style=\"text-align: justify\">la<\/p>\n","protected":false},"excerpt":{"rendered":"<p>Bagdad, 24 may (SANA) El ministro de Defensa de Irak, Jumaa Enad Saadoun, y el embajador sirio en Irak, Sattam Jadaan al-Dandah, abordaron este martes las v\u00edas de desarrollar la cooperaci\u00f3n binacional en materia de seguridad y el control de las fronteras. En declaraciones al corresponsal de SANA en Bagdad, Al-Dandah inform\u00f3 que \u201cLa reuni\u00f3n &hellip;<\/p>\n","protected":false},"author":24,"featured_media":235226,"comment_status":"closed","ping_status":"closed","sticky":false,"template":"","format":"standard","meta":{"footnotes":""},"categories":[447,597,467,7541],"tags":[],"class_list":["post-235224","post","type-post","status-publish","format-standard","has-post-thumbnail","","category-local-politica","category-cinta-de-noticias","category-siria-y-el-mundo","category-ultimas-noticias"],"_links":{"self":[{"href":"https:\/\/archive.sana.sy\/es\/index.php?rest_route=\/wp\/v2\/posts\/235224"}],"collection":[{"href":"https:\/\/archive.sana.sy\/es\/index.php?rest_route=\/wp\/v2\/posts"}],"about":[{"href":"https:\/\/archive.sana.sy\/es\/index.php?rest_route=\/wp\/v2\/types\/post"}],"author":[{"embeddable":true,"href":"https:\/\/archive.sana.sy\/es\/index.php?rest_route=\/wp\/v2\/users\/24"}],"replies":[{"embeddable":true,"href":"https:\/\/archive.sana.sy\/es\/index.php?rest_route=%2Fwp%2Fv2%2Fcomments&post=235224"}],"version-history":[{"count":0,"href":"https:\/\/archive.sana.sy\/es\/index.php?rest_route=\/wp\/v2\/posts\/235224\/revisions"}],"wp:featuredmedia":[{"embeddable":true,"href":"https:\/\/archive.sana.sy\/es\/index.php?rest_route=\/wp\/v2\/media\/235226"}],"wp:attachment":[{"href":"https:\/\/archive.sana.sy\/es\/index.php?rest_route=%2Fwp%2Fv2%2Fmedia&parent=235224"}],"wp:term":[{"taxonomy":"category","embeddable":true,"href":"https:\/\/archive.sana.sy\/es\/index.php?rest_route=%2Fwp%2Fv2%2Fcategories&post=235224"},{"taxonomy":"post_tag","embeddable":true,"href":"https:\/\/archive.sana.sy\/es\/index.php?rest_route=%2Fwp%2Fv2%2Ftags&post=235224"}],"curies":[{"name":"wp","href":"https:\/\/api.w.org\/{rel}","templated":true}]}}