{"id":23526,"date":"2015-05-19T18:04:10","date_gmt":"2015-05-19T15:04:10","guid":{"rendered":"http:\/\/sana.sy\/es\/?p=23526"},"modified":"2015-05-19T18:07:13","modified_gmt":"2015-05-19T15:07:13","slug":"al-moalem-debate-con-veleyati-esfuerzos-en-materia-de-la-lucha-contra-el-terrorismo","status":"publish","type":"post","link":"https:\/\/archive.sana.sy\/es\/?p=23526","title":{"rendered":"Al-Moalem debate con Veleyati esfuerzos en materia de la lucha contra el terrorismo"},"content":{"rendered":"<p><span style=\"color: #800000\">Damasco, SANA<\/span><\/p>\n<p>El canciller Walid al-Moalem examin\u00f3 con el asesor del L\u00edder Supremo de la Revoluci\u00f3n Isl\u00e1mica de Ir\u00e1n, Dr. Ali Akbar Velayati la situaci\u00f3n pol\u00edtica a nivel regional e internacional.<\/p>\n<p>El Canciller sirio hizo una panor\u00e1mica sobre los esfuerzos desempe\u00f1ados en materia de la lucha contra las organizaciones terroristas secundadas por Arabia Saudita, Qatar, Jordania y Turqu\u00eda, especialmente el Estado Isl\u00e1mico y el Frente de al-Nousra, enfatizando que las fuerzas armadas sirias alcanzan importantes avances gracias al apoyo del pueblo y las fuerzas de defensa nacional en todas las \u00e1reas.<\/p>\n<p>Asimismo agradeci\u00f3 a la Rep\u00fablica Isl\u00e1mica de Ir\u00e1n por su apoyo a Siria en todos los \u00e1mbitos.<\/p>\n<p>A su vez, el alto funcionario iran\u00ed reiter\u00f3 el apoyo de su pa\u00eds a Siria y el eje de la resistencia frente a las arremetidas terroristas.<\/p>\n<p>&nbsp;<br \/>\nLynn A.<\/p>\n","protected":false},"excerpt":{"rendered":"<p>Damasco, SANA El canciller Walid al-Moalem examin\u00f3 con el asesor del L\u00edder Supremo de la Revoluci\u00f3n Isl\u00e1mica de Ir\u00e1n, Dr. Ali Akbar Velayati la situaci\u00f3n pol\u00edtica a nivel regional e internacional. El Canciller sirio hizo una panor\u00e1mica sobre los esfuerzos desempe\u00f1ados en materia de la lucha contra las organizaciones terroristas secundadas por Arabia Saudita, Qatar, &hellip;<\/p>\n","protected":false},"author":24,"featured_media":23528,"comment_status":"closed","ping_status":"closed","sticky":false,"template":"","format":"standard","meta":{"footnotes":""},"categories":[477,597,476,576],"tags":[5312],"class_list":["post-23526","post","type-post","status-publish","format-standard","has-post-thumbnail","","category-noticias-edulcorantes","category-cinta-de-noticias","category-locales","category-noticias-politicas","tag-al-moalem-debate-con-veleyati-esfuerzos-en-materia-de-la-lucha-contra-el-terrorismo"],"_links":{"self":[{"href":"https:\/\/archive.sana.sy\/es\/index.php?rest_route=\/wp\/v2\/posts\/23526"}],"collection":[{"href":"https:\/\/archive.sana.sy\/es\/index.php?rest_route=\/wp\/v2\/posts"}],"about":[{"href":"https:\/\/archive.sana.sy\/es\/index.php?rest_route=\/wp\/v2\/types\/post"}],"author":[{"embeddable":true,"href":"https:\/\/archive.sana.sy\/es\/index.php?rest_route=\/wp\/v2\/users\/24"}],"replies":[{"embeddable":true,"href":"https:\/\/archive.sana.sy\/es\/index.php?rest_route=%2Fwp%2Fv2%2Fcomments&post=23526"}],"version-history":[{"count":0,"href":"https:\/\/archive.sana.sy\/es\/index.php?rest_route=\/wp\/v2\/posts\/23526\/revisions"}],"wp:featuredmedia":[{"embeddable":true,"href":"https:\/\/archive.sana.sy\/es\/index.php?rest_route=\/wp\/v2\/media\/23528"}],"wp:attachment":[{"href":"https:\/\/archive.sana.sy\/es\/index.php?rest_route=%2Fwp%2Fv2%2Fmedia&parent=23526"}],"wp:term":[{"taxonomy":"category","embeddable":true,"href":"https:\/\/archive.sana.sy\/es\/index.php?rest_route=%2Fwp%2Fv2%2Fcategories&post=23526"},{"taxonomy":"post_tag","embeddable":true,"href":"https:\/\/archive.sana.sy\/es\/index.php?rest_route=%2Fwp%2Fv2%2Ftags&post=23526"}],"curies":[{"name":"wp","href":"https:\/\/api.w.org\/{rel}","templated":true}]}}