{"id":235269,"date":"2022-05-25T08:48:43","date_gmt":"2022-05-25T05:48:43","guid":{"rendered":"http:\/\/107.6.182.27\/es\/?p=235269"},"modified":"2023-01-10T15:32:42","modified_gmt":"2023-01-10T13:32:42","slug":"noticias-destacadas-del-dia25-de-mayo","status":"publish","type":"post","link":"https:\/\/archive.sana.sy\/es\/?p=235269","title":{"rendered":"Noticias destacadas del d\u00eda,25 de mayo"},"content":{"rendered":"<p><span style=\"color: #800000;\"><strong>Damasco, 25 may (SANA)<\/strong><\/span><\/p>\n<p>\u2b55\ufe0fPresidente al-Assad recibe al Cat\u00f3licos de los Armenios y de la Gran Casa de Cilicia.<\/p>\n<p>\u2b55\ufe0fCancilleres de Siria e Ir\u00e1n abordan por tel\u00e9fono una serie de asuntos de inter\u00e9s com\u00fan.<\/p>\n<p>\u2b55\ufe0fComisi\u00f3n Gubernamental mixta Sirio-Rusa debate en Mosc\u00fa m\u00e9todos de enfrentamiento a las injustas medidas occidentales.<\/p>\n<p>\u2b55\ufe0fLa milicia FDS recluta obligatoriamente a los j\u00f3venes tras secuestrarlos de sus casas.<\/p>\n<p>\u2b55\ufe0fIr\u00e1n reitera su condena a las repetidas agresiones israel\u00edes contra el territorio sirio.<\/p>\n<p>\u2b55\ufe0fPresidente de M\u00e9xico: Los m\u00e9dicos cubanos se encuentran entre los mejores del mundo.<\/p>\n<p>\u2b55\ufe0fMedvedev: propuestas de paz occidentales defienden estrictamente los intereses de la OTAN.<\/p>\n<p>\u2b55\ufe0fFuerzas de ocupaci\u00f3n israel\u00edes detienen a dos palestinos en Jerusal\u00e9n ocupada.<\/p>\n<p>&nbsp;<\/p>\n","protected":false},"excerpt":{"rendered":"<p>Damasco, 25 may (SANA) \u2b55\ufe0fPresidente al-Assad recibe al Cat\u00f3licos de los Armenios y de la Gran Casa de Cilicia. \u2b55\ufe0fCancilleres de Siria e Ir\u00e1n abordan por tel\u00e9fono una serie de asuntos de inter\u00e9s com\u00fan. \u2b55\ufe0fComisi\u00f3n Gubernamental mixta Sirio-Rusa debate en Mosc\u00fa m\u00e9todos de enfrentamiento a las injustas medidas occidentales. \u2b55\ufe0fLa milicia FDS recluta obligatoriamente a &hellip;<\/p>\n","protected":false},"author":35,"featured_media":235270,"comment_status":"closed","ping_status":"closed","sticky":false,"template":"","format":"standard","meta":{"footnotes":""},"categories":[447,555,597,476,7541],"tags":[],"class_list":["post-235269","post","type-post","status-publish","format-standard","has-post-thumbnail","","category-local-politica","category-prensa","category-cinta-de-noticias","category-locales","category-ultimas-noticias"],"_links":{"self":[{"href":"https:\/\/archive.sana.sy\/es\/index.php?rest_route=\/wp\/v2\/posts\/235269"}],"collection":[{"href":"https:\/\/archive.sana.sy\/es\/index.php?rest_route=\/wp\/v2\/posts"}],"about":[{"href":"https:\/\/archive.sana.sy\/es\/index.php?rest_route=\/wp\/v2\/types\/post"}],"author":[{"embeddable":true,"href":"https:\/\/archive.sana.sy\/es\/index.php?rest_route=\/wp\/v2\/users\/35"}],"replies":[{"embeddable":true,"href":"https:\/\/archive.sana.sy\/es\/index.php?rest_route=%2Fwp%2Fv2%2Fcomments&post=235269"}],"version-history":[{"count":0,"href":"https:\/\/archive.sana.sy\/es\/index.php?rest_route=\/wp\/v2\/posts\/235269\/revisions"}],"wp:featuredmedia":[{"embeddable":true,"href":"https:\/\/archive.sana.sy\/es\/index.php?rest_route=\/wp\/v2\/media\/235270"}],"wp:attachment":[{"href":"https:\/\/archive.sana.sy\/es\/index.php?rest_route=%2Fwp%2Fv2%2Fmedia&parent=235269"}],"wp:term":[{"taxonomy":"category","embeddable":true,"href":"https:\/\/archive.sana.sy\/es\/index.php?rest_route=%2Fwp%2Fv2%2Fcategories&post=235269"},{"taxonomy":"post_tag","embeddable":true,"href":"https:\/\/archive.sana.sy\/es\/index.php?rest_route=%2Fwp%2Fv2%2Ftags&post=235269"}],"curies":[{"name":"wp","href":"https:\/\/api.w.org\/{rel}","templated":true}]}}