{"id":235272,"date":"2022-05-25T10:15:12","date_gmt":"2022-05-25T07:15:12","guid":{"rendered":"http:\/\/107.6.182.27\/es\/?p=235272"},"modified":"2023-01-10T15:12:53","modified_gmt":"2023-01-10T13:12:53","slug":"resumen-semanal-de-las-principales-noticias-economicas-de-siria-5","status":"publish","type":"post","link":"https:\/\/archive.sana.sy\/es\/?p=235272","title":{"rendered":"Las recientes noticias econ\u00f3micas m\u00e1s destacadas de Siria"},"content":{"rendered":"<p style=\"text-align: justify;\"><strong><span style=\"color: #800000;\">Damasco, 25 may (SANA) <\/span>A continuaci\u00f3n de las noticias econ\u00f3micas m\u00e1s importantes de Siria durante la \u00faltima semana:<\/strong><\/p>\n<p style=\"text-align: justify;\"><span style=\"color: #0000ff;\"><strong>188 instalaciones tur\u00edsticas fueron reconstruidas, revela Ministro de Turismo ante el parlamento<\/strong><\/span><\/p>\n<p style=\"text-align: justify;\">El ministro sirio de Turismo, Mohamed Rami Martini, explic\u00f3 ante la Asamblea del Pueblo (Parlamento) el desempe\u00f1o de su cartera y las obras y proyectos implementados y los otros que est\u00e1n en proceso de implementaci\u00f3n.<\/p>\n<p style=\"text-align: justify;\">Los ingresos adicionales de los proyectos de inversi\u00f3n tur\u00edstica implementados ascender\u00e1n a cientos de miles de millones de libras sirias en los pr\u00f3ximos a\u00f1os, dijo Martini.<\/p>\n<p style=\"text-align: justify;\">Agreg\u00f3 que su Ministerio sigue concediendo licencias para construir nuevas instalaciones tur\u00edsticas y rehabilitar las destruidas por la guerra y los actos terroristas.<\/p>\n<p style=\"text-align: justify;\">Hasta el momento, se reconstruyeron 188 instalaciones tur\u00edsticas a un costo de 665 mil millones de libras sirias, revel\u00f3 el titular.<\/p>\n<p style=\"text-align: justify;\"><strong><span style=\"color: #0000ff;\">Aumentan \u00e1reas sembradas con la Rosa de Damasco<\/span><\/strong><\/p>\n<p style=\"text-align: justify;\">El cultivo de la Rosa de Damasco aumenta significativamente gracias al apoyo del Ministerio de Agricultura y la Secretar\u00eda Siria para el Desarrollo.<\/p>\n<p style=\"text-align: justify;\">El director de Producci\u00f3n Vegetal del Ministerio de Agricultura, Ahmed Haider, comunic\u00f3 a SANA que el \u00e1rea plantada con la Rosa de Damasco en Siria asciende a unas 350 hect\u00e1reas, de las cuales 265 hect\u00e1reas en Damasco-campo y 65 en Alepo.<br \/>\nDetall\u00f3 que, adem\u00e1s, se siembra en las gobernaciones de Hama, Homs, Sweida y Latakia.<\/p>\n<p style=\"text-align: justify;\">\u201cEl Ministerio, en coordinaci\u00f3n con la Secretaria Siria para el Desarrollo, logr\u00f3 hasta la fecha rehabilitar unos 500 hect\u00e1reas de tierras agr\u00edcolas en Damasco-campo para sembrar esta rosa\u201d, agreg\u00f3.<\/p>\n<p style=\"text-align: justify;\">Esta especie vegetal fue inscrita en 2019 por la Organizaci\u00f3n de las Naciones Unidas para la Educaci\u00f3n, la Ciencia y la Cultura (UNESCO) dentro de la lista representativa del patrimonio inmaterial de la humanidad.<\/p>\n<p style=\"text-align: justify;\"><strong><span style=\"color: #0000ff;\">Reconstruyen una escuela en Palmira en el desierto de Siria<\/span><\/strong><\/p>\n<p style=\"text-align: justify;\">El Departamento de Educaci\u00f3n de la provincia central de Homs, en cooperaci\u00f3n con la Organizaci\u00f3n Internacional de Primeros Auxilios, comenz\u00f3 las obras de rehabilitaci\u00f3n de una escuela de educaci\u00f3n b\u00e1sica que sufri\u00f3 enormes da\u00f1os a consecuencia de los actos subversivos de las agrupaciones terroristas.<\/p>\n<p style=\"text-align: justify;\">En estos momentos, los trabajadores est\u00e1n reparando el primer piso del edificio mientras que otros restauraron el muro exterior, explic\u00f3 Sabah Melhem, la supervisora del complejo educativo en Palmira.<\/p>\n<p style=\"text-align: justify;\">El 16 del mes en curso, la Gobernaci\u00f3n de Homs, en cooperaci\u00f3n con el Patriarcado Ortodoxo Griego de Antioqu\u00eda y Todo el Este, complet\u00f3 la segunda fase de los trabajos de restauraci\u00f3n de las viviendas de los ciudadanos que regresaron a Palmira.<\/p>\n<p style=\"text-align: justify;\"><strong><span style=\"color: #0000ff;\">La vida vuelve a las tierras asoladas por los incendios en Latakia\u00a0<\/span><\/strong><\/p>\n<p style=\"text-align: justify;\">Gracias a la campa\u00f1a lanzada por la Secretar\u00eda Siria del Fomento, la vida ha vuelto a cientos de hect\u00e1reas de tierras agr\u00edcolas que fueron asoladas hace dos a\u00f1os por los incendios que afectaron extensas zonas de las provincias costeras de Latakia y Tartous.<\/p>\n<p style=\"text-align: justify;\">La campa\u00f1a, que entra en su cuarta semana, complet\u00f3 la roturaci\u00f3n de 2.400 hect\u00e1reas de terrenos afectados por el fuego, donde los pobladores sembraron sus tierras de hortalizas.<\/p>\n<p style=\"text-align: justify;\">\u201cLa campa\u00f1a se llev\u00f3 a cabo en plena cooperaci\u00f3n y coordinaci\u00f3n con los jefes de las asociaciones agr\u00edcolas, los alcaldes de las aldeas, los coordinadores municipales, la Direcci\u00f3n de Agricultura en Latakia\u201d, dijo Natalie Farah, la directora de Manarat Al-Fakhoura a SANA.<\/p>\n<p style=\"text-align: justify;\">Farah aclar\u00f3 que en la ejecuci\u00f3n de la campa\u00f1a participaron 96 tractores agr\u00edcolas y 31 herramientas manuales.<\/p>\n<p style=\"text-align: justify;\">El Director de Agricultura en Latakia, Basem Doba, explic\u00f3 que la campa\u00f1a incluy\u00f3 tierras agr\u00edcolas en 25 aldeas, donde las \u00e1reas cultivables se estimaron en 4.200 hect\u00e1reas, de los cuales se recuperaron 2.400 hect\u00e1reas.<\/p>\n<p style=\"text-align: justify;\"><strong><span style=\"color: #0000ff;\">Completan restauraci\u00f3n urgente de una iglesia Antigua en provincia de Deraa\u00a0<\/span><\/strong><\/p>\n<p style=\"text-align: justify;\">\u00a0El Departamento de Antig\u00fcedades de la ciudad de Izraa, en la provincia sure\u00f1a de Deraa, complet\u00f3 los trabajos de restauraci\u00f3n de emergencia de la hist\u00f3rica Iglesia de Nuestra Se\u00f1ora de la Anunciaci\u00f3n en el campo de la provincia.<\/p>\n<p style=\"text-align: justify;\">El jefe del referido departamento, Milad al-Matrood, inform\u00f3 al reportero de SANA que la mencionada Iglesia es una edificaci\u00f3n antigua que ha sido objeto de vandalismo y saqueo por parte de organizaciones terroristas durante los \u00faltimos a\u00f1os.<\/p>\n<p style=\"text-align: justify;\">Se\u00f1al\u00f3 que los trabajos de restauraci\u00f3n de emergencia de la iglesia incluyeron la reparaci\u00f3n del altar, los asientos y las ventanas.<\/p>\n<p style=\"text-align: justify;\">La fundaci\u00f3n de la Iglesia se remonta a los siglos V y VI d.C. Fue construida con piedra bas\u00e1ltica en forma cuadrada en su exterior y en forma de cruz por dentro, y en sus cuatro esquinas se encuentran cuatro nichos de hormig\u00f3n construidos en \u00e9pocas posteriores.<\/p>\n<p style=\"text-align: justify;\"><strong><span style=\"color: #0000ff;\">Siria y Serbia firman documento de cooperaci\u00f3n en el campo agr\u00edcola<\/span><\/strong><\/p>\n<p style=\"text-align: justify;\">Siria y Serbia firmaron en Belgrado un memorando de entendimiento para la cooperaci\u00f3n bilateral en el campo agr\u00edcola.<\/p>\n<p style=\"text-align: justify;\">El documento fue rubricado por el ministro sirio de Agricultura, Hassan Qatana, y el ministro de Agricultura, Silvicultura y Gesti\u00f3n del Agua de Serbia, Pristlav Nadimovic.<\/p>\n<p style=\"text-align: justify;\">El memorando estipula impulsar la cooperaci\u00f3n en los campos de la investigaci\u00f3n agr\u00edcola y cient\u00edfica, y la introducci\u00f3n de tecnolog\u00edas modernas en los campos agr\u00edcola, vegetal y animal, adem\u00e1s de la cooperaci\u00f3n en los campos de las biotecnolog\u00edas, la agricultura org\u00e1nica y la acuicultura, y el intercambio de experiencias.<\/p>\n<p style=\"text-align: justify;\">La firma del memorando estuvo precedida por una sesi\u00f3n de conversaciones entre los dos ministros, Katana y Nadimovich, durante la cual discutieron las v\u00edas para mejorar las relaciones econ\u00f3micas y comerciales entre los dos pa\u00edses.<\/p>\n<p style=\"text-align: justify;\">El titular de agricultura serbio manifest\u00f3 el deseo de su pa\u00eds de mejorar el intercambio comercial con Siria, y destac\u00f3 la importancia de elevar las relaciones econ\u00f3micas, agr\u00edcolas y comerciales al nivel de las relaciones pol\u00edticas entre los dos pa\u00edses amigos.<\/p>\n<p style=\"text-align: justify;\">Es necesario aprovechar la capacidad del lado serbio de exportar muchos de sus productos agr\u00edcolas, incluidos trigo, ma\u00edz, aceite de ma\u00edz y girasol, fertilizantes y piensos, explic\u00f3.<\/p>\n<p style=\"text-align: justify;\"><strong><span style=\"color: #0000ff;\">Arrancan en Siria varias exposiciones especializadas en campos de construcci\u00f3n, industria y energ\u00eda<\/span><\/strong><\/p>\n<p style=\"text-align: justify;\">Las \u201cExposiciones Especializadas de Siria\u201d en los campos de la construcci\u00f3n, la industria y la energ\u00eda se inauguraron la v\u00edspera en las instalaciones de Expo-Damasco, con la participaci\u00f3n de unas 200 empresas locales, \u00e1rabes e internacionales.<\/p>\n<p style=\"text-align: justify;\">Las ferias incluyen la Exposici\u00f3n Internacional de Construcci\u00f3n Techno Build especializada en construcci\u00f3n e infraestructura, la Exposici\u00f3n Industrial Siria \u201cSinex\u201d especializada en maquinarias y equipos industriales, envases y pl\u00e1sticos, adem\u00e1s de la Exposici\u00f3n de Energ\u00eda, Electricidad y Automatizaci\u00f3n Industrial \u201cSyria Energy\u201d, en la que participan las empresas m\u00e1s importantes que trabajan en el campo de las energ\u00edas renovables y soluciones inteligentes.<\/p>\n<p style=\"text-align: justify;\">El ministro de Obras P\u00fablicas y Vivienda, Suhail Abdul Latif, dijo a los periodistas que cada feria celebrada en Siria presenta un nuevo desarrollo en las industrias locales.<\/p>\n<p style=\"text-align: justify;\">El ministro de Industria, Ziad Sabbagh, resalt\u00f3 que la industria siria pas\u00f3 del uso de m\u00e1quinas importadas a la fabricaci\u00f3n de m\u00e1quinas, lo que constituye un hito en la historia industrial de Siria.<\/p>\n<p style=\"text-align: justify;\">Por su parte, el ministro de Electricidad, Ghassan Zamil, se\u00f1al\u00f3 que a pesar de las medidas impuestas a Siria, los industriales sirios pudieron pasar a la fese de producci\u00f3n de equipos en el campo de las energ\u00edas alternativas.<\/p>\n<p style=\"text-align: justify;\"><strong><span style=\"color: #0000ff;\">Memorando de entendimiento entre la C\u00e1mara de Industria de Damasco y la C\u00e1mara Comercial Sirio-iran\u00ed<\/span><\/strong><\/p>\n<p style=\"text-align: justify;\">La C\u00e1mara de Industria de Damasco y la C\u00e1mara Comercial Sirio-iran\u00ed firmaron un memorando de entendimiento con el prop\u00f3sito de fomentar el desarrollo de la industria nacional y atraer inversiones iran\u00edes a Siria, as\u00ed como crear inversiones comunes y beneficiarse de la experiencia industrial iran\u00ed.<\/p>\n<p style=\"text-align: justify;\">El memorando estipula incrementar la presencia de los productos sirios en los mercados iran\u00edes y organizar ferias permanentes de los productos sirios en Ir\u00e1n y encuentros empresariales.<\/p>\n<p style=\"text-align: justify;\">En declaraciones a los medios de prensa, el embajador iran\u00ed en Damasco, Mahdi Subhani, afirm\u00f3 en inter\u00e9s de su pa\u00eds en activar las relaciones econ\u00f3mico-comerciales con el sector privado en Siria e invit\u00f3 a los hombres de negocios sirios a reactivar el trabajo mixto prometiendo subyugar las dificultades con que tropiezan los industriales.<\/p>\n<p style=\"text-align: justify;\"><span style=\"color: #0000ff;\"><strong>Siria e Ir\u00e1n abordan v\u00edas de impulsar la cooperaci\u00f3n econ\u00f3mica de inversi\u00f3n<\/strong><\/span><\/p>\n<p style=\"text-align: justify;\">El ministro de Comercio Interior y Protecci\u00f3n al Consumidor, Amr Salem, discuti\u00f3\u00a0 con el presidente y miembros de la Junta Directiva de la C\u00e1mara de Comercio Conjunta sirio-iran\u00ed cuestiones de comercio y de inversi\u00f3n entre Siria e Ir\u00e1n, adem\u00e1s de desarrollarlas.<\/p>\n<p style=\"text-align: justify;\">El ministro Salem destac\u00f3 que se est\u00e1 trabajando para elevar el nivel de intercambio comercial bilateral, \u00e1reas de cooperaci\u00f3n en el campo de la inversi\u00f3n, as\u00ed como la implementaci\u00f3n de proyectos econ\u00f3micos por parte de empresas iran\u00edes y proyectos conjuntos.<\/p>\n<p style=\"text-align: justify;\">Por su parte, el presidente de la Junta Directiva de la Federaci\u00f3n de C\u00e1maras de Comercio de Siria, Abu al-Huda al-Lahham, destac\u00f3 la necesidad de desarrollar las relaciones econ\u00f3micas entre los dos pa\u00edses, abordar las dificultades que enfrentan y explorar las perspectivas de desarrollarlos para servir a la econom\u00eda siria.<\/p>\n<p style=\"text-align: justify;\">A s vez, el titular de la C\u00e1mara de Comercio Conjunta sirio-ir\u00e1n\u00ed, Fahd Darwish, present\u00f3 el plan de trabajo de la c\u00e1mara durante la pr\u00f3xima etapa, y subray\u00f3 que la primera tarea es trabajar en la organizaci\u00f3n de exposiciones de productos sirios en Ir\u00e1n con el objetivo de ampliar la presencia de productos sirios en el pa\u00eds.<\/p>\n<p style=\"text-align: justify;\">Se informa que la reuni\u00f3n se produjo despu\u00e9s de que el Ministerio de Comercio Interior y Protecci\u00f3n al Consumidor ratificara la decisi\u00f3n de la Federaci\u00f3n de C\u00e1maras de Comercio de reformar la junta directiva de la C\u00e1mara de manera que asegure la presencia de representantes de todas las actividades econ\u00f3micas.<\/p>\n<p style=\"text-align: justify;\"><strong><span style=\"color: #0000ff;\">Comenzaron las sesiones de la primera Conferencia de Inversi\u00f3n en Energ\u00eda Renovable y Electricidad<\/span><\/strong><\/p>\n<p style=\"text-align: justify;\">La primera Conferencia de Inversi\u00f3n en Energ\u00eda Renovable y Electricidad comenz\u00f3 este domingo bajo el lema \u201cla inversi\u00f3n en energ\u00edas renovables es el impulsor del desarrollo sostenible en Siria\u201d.<\/p>\n<p style=\"text-align: justify;\">El evento tiene lugar en el Hotel \u201cYasmin City\u201d de Damasco y cuenta con la participaci\u00f3n de representantes del \u00d3rgano de Inversiones de Siria, el Ministerio de Econom\u00eda y Comercio Exterior, el Banco Central de Siria, la Autoridad de Planificaci\u00f3n y Cooperaci\u00f3n Internacional y la Autoridad \u00c1rabe de Energ\u00eda Renovable, adem\u00e1s de inversores sirios, \u00e1rabes y extranjeros.<\/p>\n<p style=\"text-align: justify;\">La conferencia aborda el futuro de la energ\u00eda el\u00e9ctrica, las oportunidades de inversi\u00f3n, los mecanismos de financiamiento, y las experiencias de los otros pa\u00edses en el desarrollo de este sector.<\/p>\n<p style=\"text-align: justify;\">En declaraciones a los periodistas, el primer ministro, Hussein Arnous agreg\u00f3 que la Ley de Inversiones N\u00b0 18 de 2021 otorga ventajas preferenciales a todos los inversionistas, en particular en el sector de energ\u00edas renovables.<\/p>\n<p style=\"text-align: justify;\">Detall\u00f3 que el gobierno otorg\u00f3 un anticipo de 10 mil millones de libras sirias al Fondo de Apoyo a las Energ\u00edas Renovables y se espera que las inversiones del mismo lleguen a entre 20 y 30 mil millones de libras hasta finales del a\u00f1o en curso.<\/p>\n<p style=\"text-align: justify;\">Por su parte, el ministro de Electricidad, Ghassan Al-Zamil, afirm\u00f3 que su ministro trabaja para fomentar y apoyar la inversi\u00f3n en el campo de las energ\u00edas renovables a trav\u00e9s de promulgar varias legislaciones para ejecutar proyectos de generaci\u00f3n de electricidad por parte del sector p\u00fablico, privado o com\u00fan.<\/p>\n<p style=\"text-align: justify;\">Indic\u00f3 que el sector el\u00e9ctrico, durante los a\u00f1os de la guerra en Siria, fue saboteado sistem\u00e1ticamente por los grupos terroristas, en fin de paralizar las actividades econ\u00f3mica, industrial, m\u00e9dica, educativa y de servicio en el pa\u00eds.<\/p>\n<p style=\"text-align: justify;\"><strong><span style=\"color: #0000ff;\">Siria participa en la feria \u201cMercado de Viajes \u00c1rabe\u201d en Dub\u00e1i<\/span><\/strong><\/p>\n<p style=\"text-align: justify;\">Con la participaci\u00f3n de Siria, arrancaron\u00a0 las actividades de la feria \u201cMercado de Viajes \u00c1rabe 2022\u201d, que se lleva a cabo en cooperaci\u00f3n con el Centro de Comercio Internacional en Dub\u00e1i, se lanzaron hoy en Dubai, Emiratos \u00c1rabes Unidos.<\/p>\n<p style=\"text-align: justify;\">El pabell\u00f3n sirio cuenta con varias participaciones nacionales presentadas por hoteles internacionales, agencias de viajes y turismo, la Compa\u00f1\u00eda Siria de Transporte y Turismo y algunas empresas privadas, adem\u00e1s del ala de la aerol\u00ednea siria Cham Wings.<\/p>\n<p style=\"text-align: justify;\">En declaraciones al corresponsal de SANA, el ministro adjunto de Turismo, Ghiath Al-Farrah, explic\u00f3 que la exposici\u00f3n es uno de los pilares m\u00e1s importantes en el mercado de viajes \u00e1rabe, y se\u00f1al\u00f3 Siria participa por tercera en este evento, que comenz\u00f3 en 2019 y se detuvo en 2021 debido a la pandemia del coronavirus.<\/p>\n<p style=\"text-align: justify;\">Cabe destacar que a la exposici\u00f3n, que se prolongar\u00e1 hasta el d\u00eda 12 de este mes, asistir\u00e1n cerca de 1.500 empresas e instituciones tur\u00edsticas internacionales.<\/p>\n","protected":false},"excerpt":{"rendered":"<p>Damasco, 25 may (SANA) A continuaci\u00f3n de las noticias econ\u00f3micas m\u00e1s importantes de Siria durante la \u00faltima semana: 188 instalaciones tur\u00edsticas fueron reconstruidas, revela Ministro de Turismo ante el parlamento El ministro sirio de Turismo, Mohamed Rami Martini, explic\u00f3 ante la Asamblea del Pueblo (Parlamento) el desempe\u00f1o de su cartera y las obras y proyectos &hellip;<\/p>\n","protected":false},"author":35,"featured_media":235273,"comment_status":"closed","ping_status":"closed","sticky":false,"template":"","format":"standard","meta":{"footnotes":""},"categories":[597,16686,485,457,583],"tags":[],"class_list":["post-235272","post","type-post","status-publish","format-standard","has-post-thumbnail","","category-cinta-de-noticias","category-economia","category-informes-negocios-y-finanzas","category-noticias-arabe-internacional-politica","category-slide"],"_links":{"self":[{"href":"https:\/\/archive.sana.sy\/es\/index.php?rest_route=\/wp\/v2\/posts\/235272"}],"collection":[{"href":"https:\/\/archive.sana.sy\/es\/index.php?rest_route=\/wp\/v2\/posts"}],"about":[{"href":"https:\/\/archive.sana.sy\/es\/index.php?rest_route=\/wp\/v2\/types\/post"}],"author":[{"embeddable":true,"href":"https:\/\/archive.sana.sy\/es\/index.php?rest_route=\/wp\/v2\/users\/35"}],"replies":[{"embeddable":true,"href":"https:\/\/archive.sana.sy\/es\/index.php?rest_route=%2Fwp%2Fv2%2Fcomments&post=235272"}],"version-history":[{"count":0,"href":"https:\/\/archive.sana.sy\/es\/index.php?rest_route=\/wp\/v2\/posts\/235272\/revisions"}],"wp:featuredmedia":[{"embeddable":true,"href":"https:\/\/archive.sana.sy\/es\/index.php?rest_route=\/wp\/v2\/media\/235273"}],"wp:attachment":[{"href":"https:\/\/archive.sana.sy\/es\/index.php?rest_route=%2Fwp%2Fv2%2Fmedia&parent=235272"}],"wp:term":[{"taxonomy":"category","embeddable":true,"href":"https:\/\/archive.sana.sy\/es\/index.php?rest_route=%2Fwp%2Fv2%2Fcategories&post=235272"},{"taxonomy":"post_tag","embeddable":true,"href":"https:\/\/archive.sana.sy\/es\/index.php?rest_route=%2Fwp%2Fv2%2Ftags&post=235272"}],"curies":[{"name":"wp","href":"https:\/\/api.w.org\/{rel}","templated":true}]}}