{"id":23529,"date":"2015-05-19T15:04:15","date_gmt":"2015-05-19T12:04:15","guid":{"rendered":"http:\/\/www.sana.sy\/es\/?p=23529"},"modified":"2023-01-10T15:29:09","modified_gmt":"2023-01-10T13:29:09","slug":"siria-e-iran-debaten-medidas-para-desarrollar-la-cooperacion-en-el-campo-de-electricidad","status":"publish","type":"post","link":"https:\/\/archive.sana.sy\/es\/?p=23529","title":{"rendered":"Siria e Ir\u00e1n debaten medidas para desarrollar la cooperaci\u00f3n en el campo de electricidad"},"content":{"rendered":"<p><span style=\"color: #800000\">Damasco, SANA<\/span><\/p>\n<p>El Ministro de Electricidad Imad Khamis debati\u00f3 el lunes con el jefe del Comit\u00e9 para el Desarrollo de las Relaciones Econ\u00f3micas sirio-iranies, Rostam Ghasemi, y la delegaci\u00f3n que lo acompa\u00f1a la cooperaci\u00f3n conjunta en el sector el\u00e9ctrico.<\/p>\n<p>Durante la reuni\u00f3n, ambas partes abordaron los medios de garantizar financiaci\u00f3n de la l\u00ednea de cr\u00e9dito iran\u00ed a Siria, para suministrar repuestos y materiales necesarios para las plantas de energ\u00eda ejecutadas por las compa\u00f1\u00edas iran\u00edes en Siria, adem\u00e1s de los equipos necesarios para las redes el\u00e9ctricas y la financiaci\u00f3n de algunos contratos suscritos con empresas iran\u00edes.<\/p>\n<p>Asimismo acordaron formar una subcomit\u00e9 conjunto encargado de debatir las v\u00edas de desarrollar la cooperaci\u00f3n bilateral en el sector de electricidad, eliminar los obst\u00e1culos que dificultan la labor conjunta en este sector, y establecer bases para una mayor cooperaci\u00f3n en el futuro.<\/p>\n<p>Khamis agradeci\u00f3 a Ir\u00e1n por su apoyo a Siria en todos los campos, mientras que Ghasemi elogi\u00f3 el papel de los trabajadores del sector de la electricidad en Siria en hacer frente a los grandes desaf\u00edos durante la crisis.<\/p>\n<p>En marzo pasado, Siria e Ir\u00e1n firmaron un acuerdo de cooperaci\u00f3n econ\u00f3mica que abarca los sectores de la energ\u00eda, la industria, la agricultura, as\u00ed como establece la expansi\u00f3n de las inversiones conjuntas y el refuerzo del papel del sector privado en estos campos.<\/p>\n<p>&nbsp;<\/p>\n<p>Lynn A.<\/p>\n","protected":false},"excerpt":{"rendered":"<p>Damasco, SANA El Ministro de Electricidad Imad Khamis debati\u00f3 el lunes con el jefe del Comit\u00e9 para el Desarrollo de las Relaciones Econ\u00f3micas sirio-iranies, Rostam Ghasemi, y la delegaci\u00f3n que lo acompa\u00f1a la cooperaci\u00f3n conjunta en el sector el\u00e9ctrico. Durante la reuni\u00f3n, ambas partes abordaron los medios de garantizar financiaci\u00f3n de la l\u00ednea de cr\u00e9dito &hellip;<\/p>\n","protected":false},"author":24,"featured_media":23533,"comment_status":"closed","ping_status":"closed","sticky":false,"template":"","format":"standard","meta":{"footnotes":""},"categories":[447,485],"tags":[5313],"class_list":["post-23529","post","type-post","status-publish","format-standard","has-post-thumbnail","","category-local-politica","category-informes-negocios-y-finanzas","tag-siria-e-iran-debaten-medidas-para-desarrollar-la-cooperacion-en-el-campo-de-electricidad"],"_links":{"self":[{"href":"https:\/\/archive.sana.sy\/es\/index.php?rest_route=\/wp\/v2\/posts\/23529"}],"collection":[{"href":"https:\/\/archive.sana.sy\/es\/index.php?rest_route=\/wp\/v2\/posts"}],"about":[{"href":"https:\/\/archive.sana.sy\/es\/index.php?rest_route=\/wp\/v2\/types\/post"}],"author":[{"embeddable":true,"href":"https:\/\/archive.sana.sy\/es\/index.php?rest_route=\/wp\/v2\/users\/24"}],"replies":[{"embeddable":true,"href":"https:\/\/archive.sana.sy\/es\/index.php?rest_route=%2Fwp%2Fv2%2Fcomments&post=23529"}],"version-history":[{"count":0,"href":"https:\/\/archive.sana.sy\/es\/index.php?rest_route=\/wp\/v2\/posts\/23529\/revisions"}],"wp:featuredmedia":[{"embeddable":true,"href":"https:\/\/archive.sana.sy\/es\/index.php?rest_route=\/wp\/v2\/media\/23533"}],"wp:attachment":[{"href":"https:\/\/archive.sana.sy\/es\/index.php?rest_route=%2Fwp%2Fv2%2Fmedia&parent=23529"}],"wp:term":[{"taxonomy":"category","embeddable":true,"href":"https:\/\/archive.sana.sy\/es\/index.php?rest_route=%2Fwp%2Fv2%2Fcategories&post=23529"},{"taxonomy":"post_tag","embeddable":true,"href":"https:\/\/archive.sana.sy\/es\/index.php?rest_route=%2Fwp%2Fv2%2Ftags&post=23529"}],"curies":[{"name":"wp","href":"https:\/\/api.w.org\/{rel}","templated":true}]}}