{"id":235394,"date":"2022-05-25T20:42:24","date_gmt":"2022-05-25T17:42:24","guid":{"rendered":"http:\/\/107.6.182.27\/es\/?p=235394"},"modified":"2023-01-10T15:12:53","modified_gmt":"2023-01-10T13:12:53","slug":"siria-y-la-agencia-internacional-de-energias-renovable-abordan-fortalecimiento-de-la-cooperacion","status":"publish","type":"post","link":"https:\/\/archive.sana.sy\/es\/?p=235394","title":{"rendered":"Siria y la Agencia Internacional de Energ\u00edas Renovable abordan fortalecimiento de la cooperaci\u00f3n"},"content":{"rendered":"<p style=\"text-align: justify;\"><strong>Abu Dabi, 25 may (SANA)<\/strong> El embajador de Siria en los Emiratos \u00c1rabes Unidos, Ghassan Abbas, discuti\u00f3 con el director general de la Agencia Internacional de Energ\u00edas Renovables \u201cIRENA\u201d, Francesco La Camera, formas de mejorar la cooperaci\u00f3n en el campo de las energ\u00edas renovables y sus aplicaciones para lograr la objetivos y la visi\u00f3n nacional siria.<\/p>\n<p style=\"text-align: justify;\">Durante la reuni\u00f3n, que se celebr\u00f3 al margen de la participaci\u00f3n de Siria en la vig\u00e9sima tercera sesi\u00f3n del Consejo de IRENA, que se celebr\u00f3 hoy en la capital emirat\u00ed, Abu Dabi, las dos partes abordaron las prioridades nacionales de Siria en los campos de las energ\u00edas renovables y alternativas, as\u00ed como los proyectos en los que se est\u00e1 trabajando en varias gobernaciones sirias.<\/p>\n<p style=\"text-align: justify;\">Las dos partes enfatizaron importancia de alcanzar marcos de cooperaci\u00f3n apropiados que satisfagan las necesidades actuales de Siria y brinden apoyo para proyectos de energ\u00eda renovable en Siria.<\/p>\n<p>mm<\/p>\n","protected":false},"excerpt":{"rendered":"<p>Abu Dabi, 25 may (SANA) El embajador de Siria en los Emiratos \u00c1rabes Unidos, Ghassan Abbas, discuti\u00f3 con el director general de la Agencia Internacional de Energ\u00edas Renovables \u201cIRENA\u201d, Francesco La Camera, formas de mejorar la cooperaci\u00f3n en el campo de las energ\u00edas renovables y sus aplicaciones para lograr la objetivos y la visi\u00f3n nacional &hellip;<\/p>\n","protected":false},"author":36,"featured_media":235395,"comment_status":"closed","ping_status":"closed","sticky":false,"template":"","format":"standard","meta":{"footnotes":""},"categories":[597,16686,485,7541],"tags":[],"class_list":["post-235394","post","type-post","status-publish","format-standard","has-post-thumbnail","","category-cinta-de-noticias","category-economia","category-informes-negocios-y-finanzas","category-ultimas-noticias"],"_links":{"self":[{"href":"https:\/\/archive.sana.sy\/es\/index.php?rest_route=\/wp\/v2\/posts\/235394"}],"collection":[{"href":"https:\/\/archive.sana.sy\/es\/index.php?rest_route=\/wp\/v2\/posts"}],"about":[{"href":"https:\/\/archive.sana.sy\/es\/index.php?rest_route=\/wp\/v2\/types\/post"}],"author":[{"embeddable":true,"href":"https:\/\/archive.sana.sy\/es\/index.php?rest_route=\/wp\/v2\/users\/36"}],"replies":[{"embeddable":true,"href":"https:\/\/archive.sana.sy\/es\/index.php?rest_route=%2Fwp%2Fv2%2Fcomments&post=235394"}],"version-history":[{"count":0,"href":"https:\/\/archive.sana.sy\/es\/index.php?rest_route=\/wp\/v2\/posts\/235394\/revisions"}],"wp:featuredmedia":[{"embeddable":true,"href":"https:\/\/archive.sana.sy\/es\/index.php?rest_route=\/wp\/v2\/media\/235395"}],"wp:attachment":[{"href":"https:\/\/archive.sana.sy\/es\/index.php?rest_route=%2Fwp%2Fv2%2Fmedia&parent=235394"}],"wp:term":[{"taxonomy":"category","embeddable":true,"href":"https:\/\/archive.sana.sy\/es\/index.php?rest_route=%2Fwp%2Fv2%2Fcategories&post=235394"},{"taxonomy":"post_tag","embeddable":true,"href":"https:\/\/archive.sana.sy\/es\/index.php?rest_route=%2Fwp%2Fv2%2Ftags&post=235394"}],"curies":[{"name":"wp","href":"https:\/\/api.w.org\/{rel}","templated":true}]}}