{"id":235397,"date":"2022-05-25T20:55:34","date_gmt":"2022-05-25T17:55:34","guid":{"rendered":"http:\/\/107.6.182.27\/es\/?p=235397"},"modified":"2023-01-10T16:18:18","modified_gmt":"2023-01-10T14:18:18","slug":"raisi-amenazas-y-sanciones-no-impediran-el-progreso-de-iran","status":"publish","type":"post","link":"https:\/\/archive.sana.sy\/es\/?p=235397","title":{"rendered":"Raisi: amenazas y sanciones no impedir\u00e1n el progreso de Ir\u00e1n"},"content":{"rendered":"<p style=\"text-align: justify;\"><strong>Teher\u00e1n, 25 may (SANA)<\/strong> El presidente iran\u00ed, Ebrahim Raisi, confirm\u00f3 que las amenazas y las sanciones no obstaculizar\u00e1n el progreso de Ir\u00e1n, e indic\u00f3 que todav\u00eda est\u00e1 tratando de levantar el embargo que le ha sido impuesto y frustrar sus repercusiones.<\/p>\n<p style=\"text-align: justify;\">Las amenazas y sanciones no obstaculizar\u00e1n el progreso de Ir\u00e1n, y vinculamos la vida de nuestro pueblo y su desarrollo a las conversaciones nucleares, declar\u00f3 el presidente iran\u00ed hoy.<\/p>\n<p style=\"text-align: justify;\">No dejaremos de trabajar en el progreso del pa\u00eds y trabajaremos para resolver los problemas de vida del pueblo aprovechando la capacidades internas, manifest\u00f3 en otra parte de sus declaraciones.<\/p>\n<p>mm<\/p>\n","protected":false},"excerpt":{"rendered":"<p>Teher\u00e1n, 25 may (SANA) El presidente iran\u00ed, Ebrahim Raisi, confirm\u00f3 que las amenazas y las sanciones no obstaculizar\u00e1n el progreso de Ir\u00e1n, e indic\u00f3 que todav\u00eda est\u00e1 tratando de levantar el embargo que le ha sido impuesto y frustrar sus repercusiones. Las amenazas y sanciones no obstaculizar\u00e1n el progreso de Ir\u00e1n, y vinculamos la vida &hellip;<\/p>\n","protected":false},"author":36,"featured_media":235398,"comment_status":"closed","ping_status":"closed","sticky":false,"template":"","format":"standard","meta":{"footnotes":""},"categories":[597,456,457],"tags":[],"class_list":["post-235397","post","type-post","status-publish","format-standard","has-post-thumbnail","","category-cinta-de-noticias","category-arabe-internacional-politica","category-noticias-arabe-internacional-politica"],"_links":{"self":[{"href":"https:\/\/archive.sana.sy\/es\/index.php?rest_route=\/wp\/v2\/posts\/235397"}],"collection":[{"href":"https:\/\/archive.sana.sy\/es\/index.php?rest_route=\/wp\/v2\/posts"}],"about":[{"href":"https:\/\/archive.sana.sy\/es\/index.php?rest_route=\/wp\/v2\/types\/post"}],"author":[{"embeddable":true,"href":"https:\/\/archive.sana.sy\/es\/index.php?rest_route=\/wp\/v2\/users\/36"}],"replies":[{"embeddable":true,"href":"https:\/\/archive.sana.sy\/es\/index.php?rest_route=%2Fwp%2Fv2%2Fcomments&post=235397"}],"version-history":[{"count":0,"href":"https:\/\/archive.sana.sy\/es\/index.php?rest_route=\/wp\/v2\/posts\/235397\/revisions"}],"wp:featuredmedia":[{"embeddable":true,"href":"https:\/\/archive.sana.sy\/es\/index.php?rest_route=\/wp\/v2\/media\/235398"}],"wp:attachment":[{"href":"https:\/\/archive.sana.sy\/es\/index.php?rest_route=%2Fwp%2Fv2%2Fmedia&parent=235397"}],"wp:term":[{"taxonomy":"category","embeddable":true,"href":"https:\/\/archive.sana.sy\/es\/index.php?rest_route=%2Fwp%2Fv2%2Fcategories&post=235397"},{"taxonomy":"post_tag","embeddable":true,"href":"https:\/\/archive.sana.sy\/es\/index.php?rest_route=%2Fwp%2Fv2%2Ftags&post=235397"}],"curies":[{"name":"wp","href":"https:\/\/api.w.org\/{rel}","templated":true}]}}