{"id":235412,"date":"2022-05-25T22:17:24","date_gmt":"2022-05-25T19:17:24","guid":{"rendered":"http:\/\/107.6.182.27\/es\/?p=235412"},"modified":"2023-01-10T16:18:18","modified_gmt":"2023-01-10T14:18:18","slug":"sayyed-nasrallah-la-victoria-del-ano-2000-rompio-la-imagen-del-invencible-ejercito-de-ocupacion","status":"publish","type":"post","link":"https:\/\/archive.sana.sy\/es\/?p=235412","title":{"rendered":"Nasrallah: La victoria del a\u00f1o 2000 rompi\u00f3 la imagen del invencible ej\u00e9rcito de ocupaci\u00f3n israel\u00ed"},"content":{"rendered":"<p style=\"text-align: justify;\"><strong>Beirut, 25 may (SANA)<\/strong> El secretario general de Hizbullah, Sayyed Hassan Nasrallah, confirm\u00f3 que la victoria del a\u00f1o 2000 rompi\u00f3 la imagen del invencible ej\u00e9rcito de ocupaci\u00f3n y dio esperanza a los palestinos por la liberaci\u00f3n.<\/p>\n<p style=\"text-align: justify;\">Sayyed Nasrallah dijo en un discurso televisado con motivo del D\u00eda de la Resistencia y la Liberaci\u00f3n que la resistencia protege al L\u00edbano y obliga al enemigo a tener cuidado, y que la resistencia no necesita el permiso de nadie para cumplir con su deber.<\/p>\n<p style=\"text-align: justify;\">Sayyed Nasrallah agreg\u00f3 que la persistencia continua de la entidad de ocupaci\u00f3n en su agresi\u00f3n contra la Mezquita Al-Aqsa y la ciudad de Jerusal\u00e9n conducir\u00e1 a una gran explosi\u00f3n en la regi\u00f3n, y la resistencia palestina tom\u00f3 la decisi\u00f3n de responder a la agresi\u00f3n.<\/p>\n<p>mm<\/p>\n","protected":false},"excerpt":{"rendered":"<p>Beirut, 25 may (SANA) El secretario general de Hizbullah, Sayyed Hassan Nasrallah, confirm\u00f3 que la victoria del a\u00f1o 2000 rompi\u00f3 la imagen del invencible ej\u00e9rcito de ocupaci\u00f3n y dio esperanza a los palestinos por la liberaci\u00f3n. Sayyed Nasrallah dijo en un discurso televisado con motivo del D\u00eda de la Resistencia y la Liberaci\u00f3n que la &hellip;<\/p>\n","protected":false},"author":36,"featured_media":235416,"comment_status":"closed","ping_status":"closed","sticky":false,"template":"","format":"standard","meta":{"footnotes":""},"categories":[597,456,457],"tags":[],"class_list":["post-235412","post","type-post","status-publish","format-standard","has-post-thumbnail","","category-cinta-de-noticias","category-arabe-internacional-politica","category-noticias-arabe-internacional-politica"],"_links":{"self":[{"href":"https:\/\/archive.sana.sy\/es\/index.php?rest_route=\/wp\/v2\/posts\/235412"}],"collection":[{"href":"https:\/\/archive.sana.sy\/es\/index.php?rest_route=\/wp\/v2\/posts"}],"about":[{"href":"https:\/\/archive.sana.sy\/es\/index.php?rest_route=\/wp\/v2\/types\/post"}],"author":[{"embeddable":true,"href":"https:\/\/archive.sana.sy\/es\/index.php?rest_route=\/wp\/v2\/users\/36"}],"replies":[{"embeddable":true,"href":"https:\/\/archive.sana.sy\/es\/index.php?rest_route=%2Fwp%2Fv2%2Fcomments&post=235412"}],"version-history":[{"count":0,"href":"https:\/\/archive.sana.sy\/es\/index.php?rest_route=\/wp\/v2\/posts\/235412\/revisions"}],"wp:featuredmedia":[{"embeddable":true,"href":"https:\/\/archive.sana.sy\/es\/index.php?rest_route=\/wp\/v2\/media\/235416"}],"wp:attachment":[{"href":"https:\/\/archive.sana.sy\/es\/index.php?rest_route=%2Fwp%2Fv2%2Fmedia&parent=235412"}],"wp:term":[{"taxonomy":"category","embeddable":true,"href":"https:\/\/archive.sana.sy\/es\/index.php?rest_route=%2Fwp%2Fv2%2Fcategories&post=235412"},{"taxonomy":"post_tag","embeddable":true,"href":"https:\/\/archive.sana.sy\/es\/index.php?rest_route=%2Fwp%2Fv2%2Ftags&post=235412"}],"curies":[{"name":"wp","href":"https:\/\/api.w.org\/{rel}","templated":true}]}}