{"id":23543,"date":"2015-05-19T19:05:29","date_gmt":"2015-05-19T16:05:29","guid":{"rendered":"http:\/\/www.sana.sy\/es\/?p=23543"},"modified":"2015-05-20T14:43:22","modified_gmt":"2015-05-20T11:43:22","slug":"los-docentes-arabes-manifiestan-su-solidaridad-con-siria","status":"publish","type":"post","link":"https:\/\/archive.sana.sy\/es\/?p=23543","title":{"rendered":"Los docentes \u00e1rabes manifiestan su solidaridad con Siria\u00a0"},"content":{"rendered":"<p><span style=\"color: #800000\">Damasco, SANA<\/span><\/p>\n<p>Los participantes en la 19 Conferencia de la Uni\u00f3n de Docentes \u00c1rabes celebrada en Damasco, aseguraron este martes que Siria superar\u00e1 su crisis gracias a la firme voluntad de su pueblo y su determinaci\u00f3n de erradicar el terrorismo takfiri que representa una amenaza para la naci\u00f3n \u00e1rabe entera.<\/p>\n<p>Asimismo lamentaron que la expansi\u00f3n de la ideolog\u00eda del terrorismo entre los j\u00f3venes \u00e1rabes demuestra la existencia de una verdadera crisis en el proceso de educaci\u00f3n en el mundo \u00e1rabe.<\/p>\n<p>Los docentes \u00e1rabes destacaron la necesidad de que los medios de comunicaci\u00f3n, los intelectuales y los establecimientos educativos \u00e1rabes asuman su responsabilidad en aumentar la consciencia de los j\u00f3venes \u00e1rabes sobre los peligros del terrorismo y el extremismo.<\/p>\n<p>Las recomendaciones de la conferencia recalcaron en la necesidad de apoyar a Siria hasta que salga de su crisis, denunciar el terrorismo que sufren los pa\u00edses \u00e1rabes y cambiar los curr\u00edculos de acuerdo con las circunstancias actuales.<\/p>\n<p>Es de se\u00f1alar que las labores de la 19 Conferencia de la Uni\u00f3n de Docentes \u00c1rabes hab\u00edan iniciado el domingo pasado con la participaci\u00f3n de delegaciones procedentes de 12 pa\u00edses \u00e1rabes, entre ellos Argelia, Egipto, Yemen y Sudan.<\/p>\n<p>Lynn A.<\/p>\n","protected":false},"excerpt":{"rendered":"<p>Damasco, SANA Los participantes en la 19 Conferencia de la Uni\u00f3n de Docentes \u00c1rabes celebrada en Damasco, aseguraron este martes que Siria superar\u00e1 su crisis gracias a la firme voluntad de su pueblo y su determinaci\u00f3n de erradicar el terrorismo takfiri que representa una amenaza para la naci\u00f3n \u00e1rabe entera. Asimismo lamentaron que la expansi\u00f3n &hellip;<\/p>\n","protected":false},"author":24,"featured_media":23605,"comment_status":"closed","ping_status":"closed","sticky":false,"template":"","format":"standard","meta":{"footnotes":""},"categories":[477,476],"tags":[5316],"class_list":["post-23543","post","type-post","status-publish","format-standard","has-post-thumbnail","","category-noticias-edulcorantes","category-locales","tag-los-docentes-arabes-manifiestan-su-solidaridad-con-siria"],"_links":{"self":[{"href":"https:\/\/archive.sana.sy\/es\/index.php?rest_route=\/wp\/v2\/posts\/23543"}],"collection":[{"href":"https:\/\/archive.sana.sy\/es\/index.php?rest_route=\/wp\/v2\/posts"}],"about":[{"href":"https:\/\/archive.sana.sy\/es\/index.php?rest_route=\/wp\/v2\/types\/post"}],"author":[{"embeddable":true,"href":"https:\/\/archive.sana.sy\/es\/index.php?rest_route=\/wp\/v2\/users\/24"}],"replies":[{"embeddable":true,"href":"https:\/\/archive.sana.sy\/es\/index.php?rest_route=%2Fwp%2Fv2%2Fcomments&post=23543"}],"version-history":[{"count":0,"href":"https:\/\/archive.sana.sy\/es\/index.php?rest_route=\/wp\/v2\/posts\/23543\/revisions"}],"wp:featuredmedia":[{"embeddable":true,"href":"https:\/\/archive.sana.sy\/es\/index.php?rest_route=\/wp\/v2\/media\/23605"}],"wp:attachment":[{"href":"https:\/\/archive.sana.sy\/es\/index.php?rest_route=%2Fwp%2Fv2%2Fmedia&parent=23543"}],"wp:term":[{"taxonomy":"category","embeddable":true,"href":"https:\/\/archive.sana.sy\/es\/index.php?rest_route=%2Fwp%2Fv2%2Fcategories&post=23543"},{"taxonomy":"post_tag","embeddable":true,"href":"https:\/\/archive.sana.sy\/es\/index.php?rest_route=%2Fwp%2Fv2%2Ftags&post=23543"}],"curies":[{"name":"wp","href":"https:\/\/api.w.org\/{rel}","templated":true}]}}