{"id":235532,"date":"2022-05-26T18:26:08","date_gmt":"2022-05-26T15:26:08","guid":{"rendered":"http:\/\/107.6.182.27\/es\/?p=235532"},"modified":"2022-05-26T18:26:08","modified_gmt":"2022-05-26T15:26:08","slug":"un-nuevo-centro-de-reconciliacion-en-la-sala-deportiva-al-assad-en-alepo","status":"publish","type":"post","link":"https:\/\/archive.sana.sy\/es\/?p=235532","title":{"rendered":"Un Nuevo centro de reconciliaci\u00f3n en la sala deportiva al-Assad en Alepo"},"content":{"rendered":"<p style=\"text-align: justify;\"><span style=\"color: #800000;\"><strong>Alepo, 26 may (SANA) <\/strong><\/span>Las comisiones pertinentes abrieron un centro de reconciliaci\u00f3n en la sala deportiva al-Assad en la ciudad de Alepo en respuesta al deseo de los ciudadanos, con el objetivo de dejar cabida a la incorporaci\u00f3n de todos los deseosos acorde a las cl\u00e1usulas de los acuerdos planteados por el estado.<\/p>\n<p style=\"text-align: justify;\">En declaraciones a SANA, varios beneficiarios expresaron agradecimiento al estado por concederles esta oportunidad de volver al seno de la patria, e invitaron a todos los enga\u00f1ados a resolver sus estatus y comenzar una nueva vida bajo la \u00e9gida de las instituciones del estado.<\/p>\n<p style=\"text-align: justify;\">Kumeit Assi, miembro del Bur\u00f3 Ejecutivo de la gobernaci\u00f3n de Alepo se\u00f1al\u00f3 que el n\u00famero de los integrados en la reconciliaci\u00f3n supera ya la cifra de 13 mil lo cual ha permitido a muchos a participar en la reconstrucci\u00f3n de la patria.<\/p>\n<p style=\"text-align: justify;\">Por su parte el metropolita George Massri, arzobispo de Alepo para los rum\u00edes melquitas cat\u00f3licos dijo que el decreto de amnist\u00eda emitido por el presidente Bashar al-Assad ha dado la oportunidad a todos los que fueron enga\u00f1ados y es un llamado a los deseosos de volver al cobijo de la patria.<\/p>\n<p style=\"text-align: justify;\"><em><strong>rsh\/ah<\/strong><\/em><\/p>\n","protected":false},"excerpt":{"rendered":"<p>Alepo, 26 may (SANA) Las comisiones pertinentes abrieron un centro de reconciliaci\u00f3n en la sala deportiva al-Assad en la ciudad de Alepo en respuesta al deseo de los ciudadanos, con el objetivo de dejar cabida a la incorporaci\u00f3n de todos los deseosos acorde a las cl\u00e1usulas de los acuerdos planteados por el estado. En declaraciones &hellip;<\/p>\n","protected":false},"author":30,"featured_media":235533,"comment_status":"closed","ping_status":"closed","sticky":false,"template":"","format":"standard","meta":{"footnotes":""},"categories":[597,476,7541],"tags":[],"class_list":["post-235532","post","type-post","status-publish","format-standard","has-post-thumbnail","","category-cinta-de-noticias","category-locales","category-ultimas-noticias"],"_links":{"self":[{"href":"https:\/\/archive.sana.sy\/es\/index.php?rest_route=\/wp\/v2\/posts\/235532"}],"collection":[{"href":"https:\/\/archive.sana.sy\/es\/index.php?rest_route=\/wp\/v2\/posts"}],"about":[{"href":"https:\/\/archive.sana.sy\/es\/index.php?rest_route=\/wp\/v2\/types\/post"}],"author":[{"embeddable":true,"href":"https:\/\/archive.sana.sy\/es\/index.php?rest_route=\/wp\/v2\/users\/30"}],"replies":[{"embeddable":true,"href":"https:\/\/archive.sana.sy\/es\/index.php?rest_route=%2Fwp%2Fv2%2Fcomments&post=235532"}],"version-history":[{"count":0,"href":"https:\/\/archive.sana.sy\/es\/index.php?rest_route=\/wp\/v2\/posts\/235532\/revisions"}],"wp:featuredmedia":[{"embeddable":true,"href":"https:\/\/archive.sana.sy\/es\/index.php?rest_route=\/wp\/v2\/media\/235533"}],"wp:attachment":[{"href":"https:\/\/archive.sana.sy\/es\/index.php?rest_route=%2Fwp%2Fv2%2Fmedia&parent=235532"}],"wp:term":[{"taxonomy":"category","embeddable":true,"href":"https:\/\/archive.sana.sy\/es\/index.php?rest_route=%2Fwp%2Fv2%2Fcategories&post=235532"},{"taxonomy":"post_tag","embeddable":true,"href":"https:\/\/archive.sana.sy\/es\/index.php?rest_route=%2Fwp%2Fv2%2Ftags&post=235532"}],"curies":[{"name":"wp","href":"https:\/\/api.w.org\/{rel}","templated":true}]}}